{"id":40133,"date":"2025-03-03T21:44:01","date_gmt":"2025-03-04T03:44:01","guid":{"rendered":"https:\/\/labestiapolitica.com.mx\/?p=40133"},"modified":"2025-04-13T21:45:32","modified_gmt":"2025-04-14T03:45:32","slug":"%f0%9f%9f%a2-ayuntamiento-de-san-pablo-del-monte-entrega-apoyo-economico-a-camadas-independientes-para-el-martes-de-carnaval-%f0%9f%9f%a2","status":"publish","type":"post","link":"https:\/\/labestiapolitica.com.mx\/?p=40133","title":{"rendered":"\ud83d\udfe2 Ayuntamiento de San Pablo del Monte entrega apoyo econ\u00f3mico a camadas independientes para el Martes de Carnaval \ud83d\udfe2"},"content":{"rendered":"<p style=\"text-align: justify;\">\ud83d\udc49\ud83c\udffe Con el objetivo de fortalecer las tradiciones y respaldar la participaci\u00f3n de las camadas en el Carnaval de San Pablo del Monte, el H. Ayuntamiento llev\u00f3 a cabo la entrega de un peque\u00f1o apoyo econ\u00f3mico de 3 mil pesos a diversas camadas independientes del municipio, a pesar de ser un incentivo peque\u00f1o a comparaci\u00f3n de lo que recibieron diferentes camadas, los carnavaleros se mostraron muy agradecidos, y recalcaron que su principal objetivo es preservar as\u00ed como difundir esta tradici\u00f3n.<\/p>\n<p style=\"text-align: justify;\">Durante el evento, se destac\u00f3 la importancia de preservar esta festividad, que es una de las m\u00e1s representativas de la regi\u00f3n, y se reconoci\u00f3 el esfuerzo de los grupos que, con su m\u00fasica, vestimenta y danzas, enriquecen la identidad cultural del municipio.<\/p>\n<p style=\"text-align: justify;\">Las autoridades municipales reafirmaron su compromiso con la difusi\u00f3n y conservaci\u00f3n de las tradiciones locales, asegurando que este tipo de apoyos permiten que m\u00e1s camadas puedan presentarse y dar vida al carnaval.<\/p>\n<p style=\"text-align: justify;\">Con estas acciones, San Pablo del Monte contin\u00faa impulsando la cultura y el orgullo de sus ra\u00edces a trav\u00e9s de una de sus festividades m\u00e1s emblem\u00e1ticas.<\/p>\n","protected":false},"excerpt":{"rendered":"<p>\ud83d\udc49\ud83c\udffe Con el objetivo de fortalecer las tradiciones y respaldar la participaci\u00f3n de las camadas en el Carnaval de San Pablo del Monte, el H. Ayuntamiento llev\u00f3 a cabo la entrega de un peque\u00f1o apoyo econ\u00f3mico de 3 mil pesos a diversas camadas independientes del municipio, a pesar de ser un incentivo peque\u00f1o a comparaci\u00f3n [&hellip;]<\/p>\n","protected":false},"author":3,"featured_media":40134,"comment_status":"open","ping_status":"open","sticky":false,"template":"","format":"standard","meta":{"footnotes":""},"categories":[12],"tags":[],"class_list":["post-40133","post","type-post","status-publish","format-standard","has-post-thumbnail","hentry","category-brujula-2026"],"amp_enabled":true,"_links":{"self":[{"href":"https:\/\/labestiapolitica.com.mx\/index.php?rest_route=\/wp\/v2\/posts\/40133","targetHints":{"allow":["GET"]}}],"collection":[{"href":"https:\/\/labestiapolitica.com.mx\/index.php?rest_route=\/wp\/v2\/posts"}],"about":[{"href":"https:\/\/labestiapolitica.com.mx\/index.php?rest_route=\/wp\/v2\/types\/post"}],"author":[{"embeddable":true,"href":"https:\/\/labestiapolitica.com.mx\/index.php?rest_route=\/wp\/v2\/users\/3"}],"replies":[{"embeddable":true,"href":"https:\/\/labestiapolitica.com.mx\/index.php?rest_route=%2Fwp%2Fv2%2Fcomments&post=40133"}],"version-history":[{"count":1,"href":"https:\/\/labestiapolitica.com.mx\/index.php?rest_route=\/wp\/v2\/posts\/40133\/revisions"}],"predecessor-version":[{"id":40135,"href":"https:\/\/labestiapolitica.com.mx\/index.php?rest_route=\/wp\/v2\/posts\/40133\/revisions\/40135"}],"wp:featuredmedia":[{"embeddable":true,"href":"https:\/\/labestiapolitica.com.mx\/index.php?rest_route=\/wp\/v2\/media\/40134"}],"wp:attachment":[{"href":"https:\/\/labestiapolitica.com.mx\/index.php?rest_route=%2Fwp%2Fv2%2Fmedia&parent=40133"}],"wp:term":[{"taxonomy":"category","embeddable":true,"href":"https:\/\/labestiapolitica.com.mx\/index.php?rest_route=%2Fwp%2Fv2%2Fcategories&post=40133"},{"taxonomy":"post_tag","embeddable":true,"href":"https:\/\/labestiapolitica.com.mx\/index.php?rest_route=%2Fwp%2Fv2%2Ftags&post=40133"}],"curies":[{"name":"wp","href":"https:\/\/api.w.org\/{rel}","templated":true}]}}