{"id":40177,"date":"2025-04-14T19:07:35","date_gmt":"2025-04-15T01:07:35","guid":{"rendered":"https:\/\/labestiapolitica.com.mx\/?p=40177"},"modified":"2025-04-14T20:54:54","modified_gmt":"2025-04-15T02:54:54","slug":"%f0%9f%9a%90-la-caravana-del-bienestar-llega-a-el-valle-este-martes-15-de-abril","status":"publish","type":"post","link":"https:\/\/labestiapolitica.com.mx\/?p=40177","title":{"rendered":"\ud83d\ude90 La Caravana del Bienestar llega a El Valle este martes 15 de abril en Huamantla"},"content":{"rendered":"<p class=\"\" style=\"text-align: justify;\" data-start=\"165\" data-end=\"406\">Con el compromiso de acercar servicios esenciales a quienes m\u00e1s lo necesitan, el Ayuntamiento de Huamantla, encabezado por Salvador Santos Cedillo, llevar\u00e1 <strong data-start=\"321\" data-end=\"357\">la Caravana de Salud y Servicios<\/strong> a la colonia <em data-start=\"371\" data-end=\"381\">El Valle<\/em> este martes 15 de abril.<\/p>\n<p class=\"\" style=\"text-align: justify;\" data-start=\"408\" data-end=\"657\">Desde las 10:00 de la ma\u00f1ana, vecinas y vecinos podr\u00e1n acceder <strong data-start=\"471\" data-end=\"492\">de forma gratuita<\/strong> a consultas m\u00e9dicas, asesor\u00eda psicol\u00f3gica y jur\u00eddica, cortes de cabello, orientaci\u00f3n de tr\u00e1mites y m\u00e1s, todo en un solo lugar y con atenci\u00f3n de personal capacitado.<\/p>\n<p class=\"\" style=\"text-align: justify;\" data-start=\"659\" data-end=\"968\">Esta jornada, organizada por el <strong data-start=\"691\" data-end=\"716\">Sistema Municipal DIF<\/strong>, busca fortalecer el contacto directo con las familias huamantlecas. La presidenta honor\u00edfica del SMDIF, Mar\u00eda del Roc\u00edo Hern\u00e1ndez Castillo, extendi\u00f3 la invitaci\u00f3n para que nadie se quede sin aprovechar esta oportunidad de atenci\u00f3n integral y cercana.<\/p>\n<p class=\"\" style=\"text-align: justify;\" data-start=\"970\" data-end=\"1043\">\ud83d\udc49 \u00a1La Caravana del Bienestar va por ti, por tu salud y por tu comunidad!<\/p>\n<p class=\"\" style=\"text-align: justify;\" data-start=\"1045\" data-end=\"1167\">#Huamantla #CaravanaDeSalud #ServiciosGratuitos #LaBestiaPol\u00edticaHuamantla @Gobierno de Huamantla @Salvador Santos Cedillo<\/p>\n","protected":false},"excerpt":{"rendered":"<p>Con el compromiso de acercar servicios esenciales a quienes m\u00e1s lo necesitan, el Ayuntamiento de Huamantla, encabezado por Salvador Santos Cedillo, llevar\u00e1 la Caravana de Salud y Servicios a la colonia El Valle este martes 15 de abril. Desde las 10:00 de la ma\u00f1ana, vecinas y vecinos podr\u00e1n acceder de forma gratuita a consultas m\u00e9dicas, [&hellip;]<\/p>\n","protected":false},"author":3,"featured_media":40179,"comment_status":"open","ping_status":"open","sticky":false,"template":"","format":"standard","meta":{"footnotes":""},"categories":[12,220,216],"tags":[],"class_list":["post-40177","post","type-post","status-publish","format-standard","has-post-thumbnail","hentry","category-brujula-2026","category-huamantla","category-municipios"],"amp_enabled":true,"_links":{"self":[{"href":"https:\/\/labestiapolitica.com.mx\/index.php?rest_route=\/wp\/v2\/posts\/40177","targetHints":{"allow":["GET"]}}],"collection":[{"href":"https:\/\/labestiapolitica.com.mx\/index.php?rest_route=\/wp\/v2\/posts"}],"about":[{"href":"https:\/\/labestiapolitica.com.mx\/index.php?rest_route=\/wp\/v2\/types\/post"}],"author":[{"embeddable":true,"href":"https:\/\/labestiapolitica.com.mx\/index.php?rest_route=\/wp\/v2\/users\/3"}],"replies":[{"embeddable":true,"href":"https:\/\/labestiapolitica.com.mx\/index.php?rest_route=%2Fwp%2Fv2%2Fcomments&post=40177"}],"version-history":[{"count":2,"href":"https:\/\/labestiapolitica.com.mx\/index.php?rest_route=\/wp\/v2\/posts\/40177\/revisions"}],"predecessor-version":[{"id":40194,"href":"https:\/\/labestiapolitica.com.mx\/index.php?rest_route=\/wp\/v2\/posts\/40177\/revisions\/40194"}],"wp:featuredmedia":[{"embeddable":true,"href":"https:\/\/labestiapolitica.com.mx\/index.php?rest_route=\/wp\/v2\/media\/40179"}],"wp:attachment":[{"href":"https:\/\/labestiapolitica.com.mx\/index.php?rest_route=%2Fwp%2Fv2%2Fmedia&parent=40177"}],"wp:term":[{"taxonomy":"category","embeddable":true,"href":"https:\/\/labestiapolitica.com.mx\/index.php?rest_route=%2Fwp%2Fv2%2Fcategories&post=40177"},{"taxonomy":"post_tag","embeddable":true,"href":"https:\/\/labestiapolitica.com.mx\/index.php?rest_route=%2Fwp%2Fv2%2Ftags&post=40177"}],"curies":[{"name":"wp","href":"https:\/\/api.w.org\/{rel}","templated":true}]}}