{"id":40180,"date":"2025-04-14T19:21:13","date_gmt":"2025-04-15T01:21:13","guid":{"rendered":"https:\/\/labestiapolitica.com.mx\/?p=40180"},"modified":"2025-04-14T20:53:59","modified_gmt":"2025-04-15T02:53:59","slug":"%f0%9f%9a%a8-panotla-se-cuida-lanzan-recomendaciones-clave-para-una-semana-santa-segura","status":"publish","type":"post","link":"https:\/\/labestiapolitica.com.mx\/?p=40180","title":{"rendered":"\ud83d\udea8 \u00a1Panotla se cuida! Lanzan recomendaciones clave para una Semana Santa segura"},"content":{"rendered":"<p class=\"\" data-start=\"188\" data-end=\"454\">Con el firme compromiso de proteger la salud y la integridad de las familias, el Ayuntamiento de Panotla, que encabeza el presidente municipal Idelfonso Carro Rold\u00e1n, emiti\u00f3 un conjunto de <strong data-start=\"377\" data-end=\"400\">medidas preventivas<\/strong> para disfrutar esta Semana Santa con responsabilidad.<\/p>\n<p class=\"\" data-start=\"456\" data-end=\"619\">\ud83d\udd35 <strong data-start=\"459\" data-end=\"485\">\u00bfVas a salir de viaje?<\/strong><br data-start=\"485\" data-end=\"488\" \/>\ud83d\ude97 Revisa tu auto, evita manejar cansado o con alcohol, respeta los l\u00edmites de velocidad y avisa a tus familiares sobre tu destino.<\/p>\n<p class=\"\" data-start=\"621\" data-end=\"849\">\ud83d\udd35 <strong data-start=\"624\" data-end=\"670\">\u00bfVisitar\u00e1s balnearios o zonas recreativas?<\/strong><br data-start=\"670\" data-end=\"673\" \/>\ud83d\udc68\u200d\ud83d\udc69\u200d\ud83d\udc67\u200d\ud83d\udc66 Vigila a ni\u00f1as, ni\u00f1os y adultos mayores, no te metas al agua con el est\u00f3mago lleno o si has bebido alcohol. Usa bloqueador, mantente hidratado y respeta las reglas.<\/p>\n<p class=\"\" data-start=\"851\" data-end=\"1036\">\ud83d\udd35 <strong data-start=\"854\" data-end=\"892\">\u00bfParticipas en eventos religiosos?<\/strong><br data-start=\"892\" data-end=\"895\" \/>\ud83d\ude4c Cuida tus objetos personales, respeta los espacios p\u00fablicos y sigue las indicaciones de las autoridades. \u00a1Y no olvides llevar ropa c\u00f3moda!<\/p>\n<p class=\"\" data-start=\"1038\" data-end=\"1268\">\ud83d\udd25 <strong data-start=\"1041\" data-end=\"1083\">\u00a1Cuidado con los incendios forestales!<\/strong><br data-start=\"1083\" data-end=\"1086\" \/>Evita fogatas y no dejes residuos que puedan generar fuego. Un peque\u00f1o descuido puede convertirse en una gran tragedia. En caso de emergencia, llama al \ud83d\udcde <strong data-start=\"1241\" data-end=\"1267\">911 o al 246 239 09 71<\/strong>.<\/p>\n<p class=\"\" data-start=\"1270\" data-end=\"1396\">Con estas acciones, Panotla reafirma que <strong data-start=\"1311\" data-end=\"1340\">la prevenci\u00f3n salva vidas<\/strong>. \u00a1Vive una Semana Santa segura, tranquila y en armon\u00eda!<\/p>\n<p class=\"\" data-start=\"1398\" data-end=\"1519\">#PanotlaSeguro #SemanaSanta2025 #Prevenci\u00f3nQueSalva #LaBestiaPol\u00edticaPanotla @Gobierno de Panotla @Idelfonso Carro Rold\u00e1n<\/p>\n","protected":false},"excerpt":{"rendered":"<p>Con el firme compromiso de proteger la salud y la integridad de las familias, el Ayuntamiento de Panotla, que encabeza el presidente municipal Idelfonso Carro Rold\u00e1n, emiti\u00f3 un conjunto de medidas preventivas para disfrutar esta Semana Santa con responsabilidad. \ud83d\udd35 \u00bfVas a salir de viaje?\ud83d\ude97 Revisa tu auto, evita manejar cansado o con alcohol, respeta [&hellip;]<\/p>\n","protected":false},"author":3,"featured_media":40181,"comment_status":"open","ping_status":"open","sticky":false,"template":"","format":"standard","meta":{"footnotes":""},"categories":[12,216],"tags":[],"class_list":["post-40180","post","type-post","status-publish","format-standard","has-post-thumbnail","hentry","category-brujula-2026","category-municipios"],"amp_enabled":true,"_links":{"self":[{"href":"https:\/\/labestiapolitica.com.mx\/index.php?rest_route=\/wp\/v2\/posts\/40180","targetHints":{"allow":["GET"]}}],"collection":[{"href":"https:\/\/labestiapolitica.com.mx\/index.php?rest_route=\/wp\/v2\/posts"}],"about":[{"href":"https:\/\/labestiapolitica.com.mx\/index.php?rest_route=\/wp\/v2\/types\/post"}],"author":[{"embeddable":true,"href":"https:\/\/labestiapolitica.com.mx\/index.php?rest_route=\/wp\/v2\/users\/3"}],"replies":[{"embeddable":true,"href":"https:\/\/labestiapolitica.com.mx\/index.php?rest_route=%2Fwp%2Fv2%2Fcomments&post=40180"}],"version-history":[{"count":2,"href":"https:\/\/labestiapolitica.com.mx\/index.php?rest_route=\/wp\/v2\/posts\/40180\/revisions"}],"predecessor-version":[{"id":40183,"href":"https:\/\/labestiapolitica.com.mx\/index.php?rest_route=\/wp\/v2\/posts\/40180\/revisions\/40183"}],"wp:featuredmedia":[{"embeddable":true,"href":"https:\/\/labestiapolitica.com.mx\/index.php?rest_route=\/wp\/v2\/media\/40181"}],"wp:attachment":[{"href":"https:\/\/labestiapolitica.com.mx\/index.php?rest_route=%2Fwp%2Fv2%2Fmedia&parent=40180"}],"wp:term":[{"taxonomy":"category","embeddable":true,"href":"https:\/\/labestiapolitica.com.mx\/index.php?rest_route=%2Fwp%2Fv2%2Fcategories&post=40180"},{"taxonomy":"post_tag","embeddable":true,"href":"https:\/\/labestiapolitica.com.mx\/index.php?rest_route=%2Fwp%2Fv2%2Ftags&post=40180"}],"curies":[{"name":"wp","href":"https:\/\/api.w.org\/{rel}","templated":true}]}}