{"id":40187,"date":"2025-04-14T19:44:55","date_gmt":"2025-04-15T01:44:55","guid":{"rendered":"https:\/\/labestiapolitica.com.mx\/?p=40187"},"modified":"2025-04-14T20:53:19","modified_gmt":"2025-04-15T02:53:19","slug":"proteccion-civil-y-policia-de-huamantla-sofocan-incendio-forestal-en-los-pilares","status":"publish","type":"post","link":"https:\/\/labestiapolitica.com.mx\/?p=40187","title":{"rendered":"Protecci\u00f3n civil y polic\u00eda de #Huamantla sofocan incendio forestal en los pilares"},"content":{"rendered":"<p>Gracias a la oportuna intervenci\u00f3n de elementos de Protecci\u00f3n Civil y de la Polic\u00eda Municipal de Huamantla, fue sofocado en su totalidad un incendio forestal registrado entre las barrancas del pueblo de Los Pilares, comunidad aleda\u00f1a al parque nacional de la Malinche.<\/p>\n<p>El siniestro fue reportado este domingo por vecinos de la zona, lo que permiti\u00f3 una pronta movilizaci\u00f3n de las corporaciones municipales, quienes evitaron que esta conflagraci\u00f3n saliera de control.<\/p>\n<p>Cabe destacar la labor coordinada del personal de Protecci\u00f3n Civil, as\u00ed como del cuerpo policiaco, el cual brind\u00f3 seguridad perimetral para permitir las labores de sofocamiento en condiciones seguras.<\/p>\n<p>Las autoridades municipales hacen un llamado a la ciudadan\u00eda a reportar de forma inmediata cualquier incidente que ponga en riesgo la naturaleza o la integridad de las personas y a prevenir cualquier situaci\u00f3n de riesgo para salvaguardar el patrimonio ecol\u00f3gico.<\/p>\n","protected":false},"excerpt":{"rendered":"<p>Gracias a la oportuna intervenci\u00f3n de elementos de Protecci\u00f3n Civil y de la Polic\u00eda Municipal de Huamantla, fue sofocado en su totalidad un incendio forestal registrado entre las barrancas del pueblo de Los Pilares, comunidad aleda\u00f1a al parque nacional de la Malinche. El siniestro fue reportado este domingo por vecinos de la zona, lo que [&hellip;]<\/p>\n","protected":false},"author":3,"featured_media":40189,"comment_status":"open","ping_status":"open","sticky":false,"template":"","format":"standard","meta":{"footnotes":""},"categories":[12,216],"tags":[],"class_list":["post-40187","post","type-post","status-publish","format-standard","has-post-thumbnail","hentry","category-brujula-2026","category-municipios"],"amp_enabled":true,"_links":{"self":[{"href":"https:\/\/labestiapolitica.com.mx\/index.php?rest_route=\/wp\/v2\/posts\/40187","targetHints":{"allow":["GET"]}}],"collection":[{"href":"https:\/\/labestiapolitica.com.mx\/index.php?rest_route=\/wp\/v2\/posts"}],"about":[{"href":"https:\/\/labestiapolitica.com.mx\/index.php?rest_route=\/wp\/v2\/types\/post"}],"author":[{"embeddable":true,"href":"https:\/\/labestiapolitica.com.mx\/index.php?rest_route=\/wp\/v2\/users\/3"}],"replies":[{"embeddable":true,"href":"https:\/\/labestiapolitica.com.mx\/index.php?rest_route=%2Fwp%2Fv2%2Fcomments&post=40187"}],"version-history":[{"count":1,"href":"https:\/\/labestiapolitica.com.mx\/index.php?rest_route=\/wp\/v2\/posts\/40187\/revisions"}],"predecessor-version":[{"id":40188,"href":"https:\/\/labestiapolitica.com.mx\/index.php?rest_route=\/wp\/v2\/posts\/40187\/revisions\/40188"}],"wp:featuredmedia":[{"embeddable":true,"href":"https:\/\/labestiapolitica.com.mx\/index.php?rest_route=\/wp\/v2\/media\/40189"}],"wp:attachment":[{"href":"https:\/\/labestiapolitica.com.mx\/index.php?rest_route=%2Fwp%2Fv2%2Fmedia&parent=40187"}],"wp:term":[{"taxonomy":"category","embeddable":true,"href":"https:\/\/labestiapolitica.com.mx\/index.php?rest_route=%2Fwp%2Fv2%2Fcategories&post=40187"},{"taxonomy":"post_tag","embeddable":true,"href":"https:\/\/labestiapolitica.com.mx\/index.php?rest_route=%2Fwp%2Fv2%2Ftags&post=40187"}],"curies":[{"name":"wp","href":"https:\/\/api.w.org\/{rel}","templated":true}]}}