{"id":40195,"date":"2025-04-14T20:59:15","date_gmt":"2025-04-15T02:59:15","guid":{"rendered":"https:\/\/labestiapolitica.com.mx\/?p=40195"},"modified":"2025-04-15T22:07:04","modified_gmt":"2025-04-16T04:07:04","slug":"mirza-amaral-denuncia-imposicion-y-falta-de-legalidad-en-designacion-de-delegacion-del-pan-en-tlaxcala-capital","status":"publish","type":"post","link":"https:\/\/labestiapolitica.com.mx\/?p=40195","title":{"rendered":"Mirza Amaral denuncia imposici\u00f3n y falta de legalidad en designaci\u00f3n de delegaci\u00f3n del PAN en Tlaxcala Capital"},"content":{"rendered":"<p class=\"\" style=\"text-align: justify;\" data-start=\"216\" data-end=\"602\"><strong data-start=\"216\" data-end=\"250\">Fabiola M\u00c1RQUEZ\/ Tlaxcala, 14 de abril de 2025.<\/strong> \u2014 La presidenta del Comit\u00e9 Directivo Municipal del PAN en Tlaxcala Capital, <strong data-start=\"327\" data-end=\"343\">Mirza Amaral<\/strong>, denunci\u00f3 p\u00fablicamente una decisi\u00f3n de la Comisi\u00f3n Permanente del Consejo Estatal del PAN, encabezada por Angelo Guti\u00e9rrez, que busca imponer una delegaci\u00f3n municipal en la capital del estado y exige la entrega-recepci\u00f3n del Comit\u00e9 en un plazo de cinco d\u00edas.<\/p>\n<p class=\"\" style=\"text-align: justify;\" data-start=\"604\" data-end=\"876\">A trav\u00e9s de un pronunciamiento dirigido a la militancia y a la opini\u00f3n p\u00fablica, Amaral afirm\u00f3 que esta acci\u00f3n <strong data-start=\"714\" data-end=\"757\">viola sus derechos pol\u00edtico-electorales<\/strong> y como militante activa del partido, pues no fue notificada de manera formal ni se sigui\u00f3 procedimiento alguno previo.<\/p>\n<p class=\"\" style=\"text-align: justify;\" data-start=\"878\" data-end=\"944\">Amaral se\u00f1al\u00f3 que esta medida responde a tres motivos principales:<\/p>\n<ol style=\"text-align: justify;\" data-start=\"945\" data-end=\"1385\">\n<li class=\"\" data-start=\"945\" data-end=\"1050\">\n<p class=\"\" data-start=\"948\" data-end=\"1050\">Su negativa a acatar la instrucci\u00f3n de Guti\u00e9rrez para designar al Comit\u00e9 Directivo sin respaldo legal.<\/p>\n<\/li>\n<li class=\"\" data-start=\"1051\" data-end=\"1256\">\n<p class=\"\" data-start=\"1054\" data-end=\"1256\">Su insistencia en que la tesorer\u00eda estatal cumpliera con los lineamientos de los estatutos del partido, especialmente respecto al financiamiento y pago puntual de servicios b\u00e1sicos del Comit\u00e9 Municipal.<\/p>\n<\/li>\n<li class=\"\" data-start=\"1257\" data-end=\"1385\">\n<p class=\"\" data-start=\"1260\" data-end=\"1385\">Su solicitud de transparencia financiera sobre los recursos ejercidos en los a\u00f1os 2022, 2023, 2024 y la asignaci\u00f3n para 2025.<\/p>\n<\/li>\n<\/ol>\n<p class=\"\" style=\"text-align: justify;\" data-start=\"1387\" data-end=\"1596\">La dirigente municipal resalt\u00f3 que, durante su gesti\u00f3n, se ha llevado a cabo la <strong data-start=\"1467\" data-end=\"1507\">rehabilitaci\u00f3n total de las oficinas<\/strong>, as\u00ed como m\u00faltiples actividades partidistas, capacitaciones y reuniones institucionales.<\/p>\n<p class=\"\" style=\"text-align: justify;\" data-start=\"1598\" data-end=\"1791\">El conflicto revela una creciente tensi\u00f3n interna dentro del PAN estatal, donde persisten se\u00f1alamientos por presuntas imposiciones y falta de transparencia en la operaci\u00f3n pol\u00edtica del partido.<\/p>\n","protected":false},"excerpt":{"rendered":"<p>Fabiola M\u00c1RQUEZ\/ Tlaxcala, 14 de abril de 2025. \u2014 La presidenta del Comit\u00e9 Directivo Municipal del PAN en Tlaxcala Capital, Mirza Amaral, denunci\u00f3 p\u00fablicamente una decisi\u00f3n de la Comisi\u00f3n Permanente del Consejo Estatal del PAN, encabezada por Angelo Guti\u00e9rrez, que busca imponer una delegaci\u00f3n municipal en la capital del estado y exige la entrega-recepci\u00f3n del [&hellip;]<\/p>\n","protected":false},"author":3,"featured_media":40196,"comment_status":"open","ping_status":"open","sticky":false,"template":"","format":"standard","meta":{"footnotes":""},"categories":[12],"tags":[],"class_list":["post-40195","post","type-post","status-publish","format-standard","has-post-thumbnail","hentry","category-brujula-2026"],"amp_enabled":true,"_links":{"self":[{"href":"https:\/\/labestiapolitica.com.mx\/index.php?rest_route=\/wp\/v2\/posts\/40195","targetHints":{"allow":["GET"]}}],"collection":[{"href":"https:\/\/labestiapolitica.com.mx\/index.php?rest_route=\/wp\/v2\/posts"}],"about":[{"href":"https:\/\/labestiapolitica.com.mx\/index.php?rest_route=\/wp\/v2\/types\/post"}],"author":[{"embeddable":true,"href":"https:\/\/labestiapolitica.com.mx\/index.php?rest_route=\/wp\/v2\/users\/3"}],"replies":[{"embeddable":true,"href":"https:\/\/labestiapolitica.com.mx\/index.php?rest_route=%2Fwp%2Fv2%2Fcomments&post=40195"}],"version-history":[{"count":1,"href":"https:\/\/labestiapolitica.com.mx\/index.php?rest_route=\/wp\/v2\/posts\/40195\/revisions"}],"predecessor-version":[{"id":40197,"href":"https:\/\/labestiapolitica.com.mx\/index.php?rest_route=\/wp\/v2\/posts\/40195\/revisions\/40197"}],"wp:featuredmedia":[{"embeddable":true,"href":"https:\/\/labestiapolitica.com.mx\/index.php?rest_route=\/wp\/v2\/media\/40196"}],"wp:attachment":[{"href":"https:\/\/labestiapolitica.com.mx\/index.php?rest_route=%2Fwp%2Fv2%2Fmedia&parent=40195"}],"wp:term":[{"taxonomy":"category","embeddable":true,"href":"https:\/\/labestiapolitica.com.mx\/index.php?rest_route=%2Fwp%2Fv2%2Fcategories&post=40195"},{"taxonomy":"post_tag","embeddable":true,"href":"https:\/\/labestiapolitica.com.mx\/index.php?rest_route=%2Fwp%2Fv2%2Ftags&post=40195"}],"curies":[{"name":"wp","href":"https:\/\/api.w.org\/{rel}","templated":true}]}}