{"id":40198,"date":"2025-04-14T21:17:03","date_gmt":"2025-04-15T03:17:03","guid":{"rendered":"https:\/\/labestiapolitica.com.mx\/?p=40198"},"modified":"2025-04-15T22:07:25","modified_gmt":"2025-04-16T04:07:25","slug":"desde-hace-un-ano-integrantes-del-pan-en-tlaxcala-capital-exigieron-el-relevo-de-mirza-amarar","status":"publish","type":"post","link":"https:\/\/labestiapolitica.com.mx\/?p=40198","title":{"rendered":"Desde septiembre del 2024, integrantes del PAN en Tlaxcala Capital exigieron el relevo de Mirza Amaral"},"content":{"rendered":"<p data-start=\"196\" data-end=\"599\"><strong>El PAN Tlaxcala designa Delegaci\u00f3n Municipal en la capital del estado ante el incumplimiento del Comit\u00e9 Directivo Municipal.<\/strong><\/p>\n<p class=\"\" style=\"text-align: justify;\" data-start=\"196\" data-end=\"599\"><strong data-start=\"196\" data-end=\"234\">Fabiola M\u00c1RQUEZ&lt;\/ Desde septiembre de 2024, 10 de 12 i<\/strong>ntegrantes del Comit\u00e9 Directivo Municipal del PAN en Tlaxcala Capital firmaron un <strong data-start=\"320\" data-end=\"338\">acta de hechos<\/strong> en la que denunciaron\u00a0 que desde la instalaci\u00f3n del actual comit\u00e9, el 22 de noviembre de 2022, <strong data-start=\"431\" data-end=\"516\">no se sesion\u00f3 de forma regular, ni se cumplieron las funciones estatutarias<\/strong>, lo que ha provoc\u00f3 un grave estancamiento de la vida partidista en el municipio.<\/p>\n<p class=\"\" style=\"text-align: justify;\" data-start=\"601\" data-end=\"975\">En el documento, acusaron a la presidenta\u00a0 y a la secretaria general del Comit\u00e9 Municipal de <strong data-start=\"691\" data-end=\"730\">inactividad y abandono de funciones<\/strong>, se\u00f1alando que la \u00faltima sesi\u00f3n con acuerdos reales fue en agosto de 2023. De acuerdo con lo expuesto, la situaci\u00f3n actual del partido en la capital \u201cha ido de mal en peor\u201d, con actividades nulas y sin estrategias claras rumbo a las elecciones.<\/p>\n<p class=\"\" style=\"text-align: justify;\" data-start=\"977\" data-end=\"1183\">Ante ello, los firmantes solicitaron al Comit\u00e9 Directivo Estatal del PAN que interveniera para <strong data-start=\"1070\" data-end=\"1107\">evitar un mayor desgaste pol\u00edtico<\/strong> y reactivar los trabajos del partido en los meses que restan de su gesti\u00f3n.<\/p>\n<p class=\"\" style=\"text-align: justify;\" data-start=\"1185\" data-end=\"1435\">Asimismo, acordaron por unanimidad solicitar al tesorero estatal que <strong data-start=\"1254\" data-end=\"1316\">asumiera la administraci\u00f3n directa de los recursos econ\u00f3micos<\/strong> destinados al comit\u00e9 capitalino, ante lo que consideran un incumplimiento reiterado por parte de la dirigencia actual.<\/p>\n<p class=\"\" style=\"text-align: justify;\" data-start=\"1437\" data-end=\"1683\">El documento fue firmado por <strong data-start=\"1475\" data-end=\"1514\">integrantes del Comit\u00e9 Municipal<\/strong>, quienes hicieron un llamado urgente a la estructura estatal para que se tomen medidas que garanticen el funcionamiento institucional del PAN en la capital tlaxcalteca.<\/p>\n<p class=\"\" data-start=\"1171\" data-end=\"1219\">Entre los firmantes del documento se encuentran: Gabriela Duarte Moreno, Minerva Ortiz P\u00e9rez, Wesley Paredes P\u00e9rez, Salvador Xelhuantzi Corona, Juana Gallegos Flores, Diana de \u00c1ngel Cabello, Josefina Jim\u00e9nez Meneses, Venancio S\u00e1nchez Tlayatzin, Beneberto S\u00e1nchez V\u00e1zquez, Julio C\u00e9sar Minor M\u00e1rquez y Celina Elizabeth Ram\u00edrez P\u00e9rez.<\/p>\n<p class=\"\" data-start=\"1537\" data-end=\"1791\">La firma de esta acta, destacaron representa un llamado abierto a la dirigencia estatal para <strong data-start=\"1618\" data-end=\"1696\">intervenir ante lo que consideran una dirigencia municipal omisa y ausente<\/strong>, con el objetivo de evitar una mayor crisis interna rumbo a los pr\u00f3ximos procesos electorales.<\/p>\n<p data-start=\"1537\" data-end=\"1791\">De acuerdo a informaci\u00f3n recabada, Mirza Amaral tuvo derecho de defensa audiencia en la pasada sesi\u00f3n permanente del partido.<\/p>\n<p data-start=\"1537\" data-end=\"1791\"><img loading=\"lazy\" decoding=\"async\" class=\"alignnone size-full wp-image-40203\" src=\"https:\/\/labestiapolitica.com.mx\/wp-content\/uploads\/2025\/04\/dedes.jpg\" alt=\"\" width=\"1000\" height=\"600\" srcset=\"https:\/\/labestiapolitica.com.mx\/wp-content\/uploads\/2025\/04\/dedes.jpg 1000w, https:\/\/labestiapolitica.com.mx\/wp-content\/uploads\/2025\/04\/dedes-300x180.jpg 300w, https:\/\/labestiapolitica.com.mx\/wp-content\/uploads\/2025\/04\/dedes-768x461.jpg 768w\" sizes=\"auto, (max-width: 1000px) 100vw, 1000px\" \/><\/p>\n<p data-start=\"1537\" data-end=\"1791\"><strong>El PAN Tlaxcala designa Delegaci\u00f3n Municipal en la capital del estado ante el incumplimiento del Comit\u00e9 Directivo Municipal.<\/strong><\/p>\n<p data-start=\"1537\" data-end=\"1791\">En respuesta a este oficio, y en atenci\u00f3n a diversas solicitudes realizadas por integrantes del Comit\u00e9 Directivo Municipal de Tlaxcala, y con fundamento en los Estatutos Generales y el Reglamento de los \u00d3rganos Estatales y Municipales del Partido Acci\u00f3n Nacional, la Comisi\u00f3n Permanente del Consejo Estatal del PAN determin\u00f3 la creaci\u00f3n de una Delegaci\u00f3n Municipal en el municipio de Tlaxcala, con el fin de restablecer el funcionamiento regular de la estructura partidista en la capital del estado.<\/p>\n<p style=\"text-align: justify;\" data-start=\"1537\" data-end=\"1791\">La medida obedece al dictamen emitido por la Secretar\u00eda General del Comit\u00e9 Directivo Estatal, derivado del informe presentado por la Secretar\u00eda Estatal de Fortalecimiento Interno, a petici\u00f3n de integrantes y militantes del PAN capitalino, en el que se documenta que el Comit\u00e9 Directivo Municipal de Tlaxcala no ha realizado sesiones ordinarias desde el 20 de agosto de 2024, y que actualmente no se encuentra operando conforme a la normativa interna del Partido.<\/p>\n<p style=\"text-align: justify;\" data-start=\"1537\" data-end=\"1791\">Lo anterior de conformidad con el art\u00edculo 87 de los Estatutos Generales del PAN, que establece que en aquellos municipios donde el Comit\u00e9 Directivo Municipal no funcione regularmente, la Comisi\u00f3n Permanente Estatal est\u00e1 facultada para designar una Delegaci\u00f3n que asuma sus funciones, por un periodo que no exceda de un a\u00f1o.<\/p>\n<p style=\"text-align: justify;\" data-start=\"1537\" data-end=\"1791\">Asimismo, el art\u00edculo 111, inciso b), del Reglamento de los \u00d3rganos Estatales y Municipales, se\u00f1ala que podr\u00e1 nombrarse una Delegaci\u00f3n cuando un Comit\u00e9 Municipal incumpla con sus obligaciones estatutarias y reglamentarias. En este sentido, el dictamen aprobado por la Comisi\u00f3n Permanente acredita que el Comit\u00e9 en Tlaxcala ha incurrido en diversas omisiones que comprometen la vida institucional del Partido en el municipio.<\/p>\n<p style=\"text-align: justify;\" data-start=\"1537\" data-end=\"1791\">Entre los incumplimientos detectados, destacan la falta de sesiones ordinarias mensuales como lo mandata el art\u00edculo 105 del Reglamento, la inexistencia de informes de actividades o financieros, y la ausencia de mecanismos de comunicaci\u00f3n con la militancia, obligaciones estipuladas en los art\u00edculos 84 de los Estatutos Generales y 106 del Reglamento correspondiente.<\/p>\n<p style=\"text-align: justify;\" data-start=\"1537\" data-end=\"1791\">La Delegaci\u00f3n Municipal ahora tendr\u00e1 la encomienda de restablecer la presencia institucional del PAN, garantizar la coordinaci\u00f3n de actividades partidistas, y atender a la militancia y ciudadan\u00eda con estricto apego a los principios democr\u00e1ticos que rigen al Partido Acci\u00f3n Nacional.<\/p>\n<p style=\"text-align: justify;\" data-start=\"1537\" data-end=\"1791\">El Comit\u00e9 Directivo Estatal refrend\u00f3 su compromiso con la legalidad interna, el fortalecimiento institucional y el cumplimiento de sus estatutos para seguir construyendo una patria ordenada y generosa, y una vida mejor y m\u00e1s digna para todos.<\/p>\n<p style=\"text-align: justify;\" data-start=\"1537\" data-end=\"1791\">Por su parte, \u00c1ngelo Guti\u00e9rrez , dirigente del PAN Tlaxcala dio a conocer que se atendi\u00f3 una solicitud de 10\u00a0 integrantes del Comit\u00e9 Directivo Municipal de Tlaxcala, y con la facultad de la Comisi\u00f3n Permanente del Consejo Estatal del PAN, se decidi\u00f3 nombrar una delegaci\u00f3n y seguir adelante con los trabajos partidistas del albiazul.<\/p>\n","protected":false},"excerpt":{"rendered":"<p>El PAN Tlaxcala designa Delegaci\u00f3n Municipal en la capital del estado ante el incumplimiento del Comit\u00e9 Directivo Municipal. Fabiola M\u00c1RQUEZ&lt;\/ Desde septiembre de 2024, 10 de 12 integrantes del Comit\u00e9 Directivo Municipal del PAN en Tlaxcala Capital firmaron un acta de hechos en la que denunciaron\u00a0 que desde la instalaci\u00f3n del actual comit\u00e9, el 22 [&hellip;]<\/p>\n","protected":false},"author":3,"featured_media":40199,"comment_status":"open","ping_status":"open","sticky":false,"template":"","format":"standard","meta":{"footnotes":""},"categories":[12],"tags":[],"class_list":["post-40198","post","type-post","status-publish","format-standard","has-post-thumbnail","hentry","category-brujula-2026"],"amp_enabled":true,"_links":{"self":[{"href":"https:\/\/labestiapolitica.com.mx\/index.php?rest_route=\/wp\/v2\/posts\/40198","targetHints":{"allow":["GET"]}}],"collection":[{"href":"https:\/\/labestiapolitica.com.mx\/index.php?rest_route=\/wp\/v2\/posts"}],"about":[{"href":"https:\/\/labestiapolitica.com.mx\/index.php?rest_route=\/wp\/v2\/types\/post"}],"author":[{"embeddable":true,"href":"https:\/\/labestiapolitica.com.mx\/index.php?rest_route=\/wp\/v2\/users\/3"}],"replies":[{"embeddable":true,"href":"https:\/\/labestiapolitica.com.mx\/index.php?rest_route=%2Fwp%2Fv2%2Fcomments&post=40198"}],"version-history":[{"count":5,"href":"https:\/\/labestiapolitica.com.mx\/index.php?rest_route=\/wp\/v2\/posts\/40198\/revisions"}],"predecessor-version":[{"id":40205,"href":"https:\/\/labestiapolitica.com.mx\/index.php?rest_route=\/wp\/v2\/posts\/40198\/revisions\/40205"}],"wp:featuredmedia":[{"embeddable":true,"href":"https:\/\/labestiapolitica.com.mx\/index.php?rest_route=\/wp\/v2\/media\/40199"}],"wp:attachment":[{"href":"https:\/\/labestiapolitica.com.mx\/index.php?rest_route=%2Fwp%2Fv2%2Fmedia&parent=40198"}],"wp:term":[{"taxonomy":"category","embeddable":true,"href":"https:\/\/labestiapolitica.com.mx\/index.php?rest_route=%2Fwp%2Fv2%2Fcategories&post=40198"},{"taxonomy":"post_tag","embeddable":true,"href":"https:\/\/labestiapolitica.com.mx\/index.php?rest_route=%2Fwp%2Fv2%2Ftags&post=40198"}],"curies":[{"name":"wp","href":"https:\/\/api.w.org\/{rel}","templated":true}]}}