{"id":40206,"date":"2025-04-14T21:46:55","date_gmt":"2025-04-15T03:46:55","guid":{"rendered":"https:\/\/labestiapolitica.com.mx\/?p=40206"},"modified":"2025-04-14T21:46:55","modified_gmt":"2025-04-15T03:46:55","slug":"upet-condena-filtracion-de-datos-personales-de-periodista-por-parte-de-oficina-estatal-de-tlaxcala","status":"publish","type":"post","link":"https:\/\/labestiapolitica.com.mx\/?p=40206","title":{"rendered":"UPET condena filtraci\u00f3n de datos personales de periodista por parte de oficina estatal de Tlaxcala"},"content":{"rendered":"<p class=\"\" style=\"text-align: justify;\" data-start=\"187\" data-end=\"580\"><strong data-start=\"187\" data-end=\"221\">Fabiola M\u00c1RQUEZ\/ Tlaxcala, 14 de abril de 2025.<\/strong> \u2014 La Uni\u00f3n de Periodistas del Estado de Tlaxcala (UPET) conden\u00f3 p\u00fablicamente un grave incidente ocurrido el pasado 4 de abril, en el que la Oficina para la Protecci\u00f3n de Personas Defensoras de Derechos Humanos y Periodistas \u2014dependiente de la Secretar\u00eda de Gobierno del Estado\u2014 <strong data-start=\"500\" data-end=\"579\">exhibi\u00f3 informaci\u00f3n personal y laboral de una reportera v\u00edctima de agresi\u00f3n<\/strong>.<\/p>\n<p class=\"\" style=\"text-align: justify;\" data-start=\"582\" data-end=\"912\">El hecho tuvo lugar cuando dicha oficina public\u00f3 en el Peri\u00f3dico Oficial del Gobierno estatal el \u00abProtocolo de Actuaci\u00f3n para la Protecci\u00f3n de Personas Defensoras de Derechos Humanos y Periodistas\u00bb, incluyendo en el documento <strong data-start=\"808\" data-end=\"875\">la c\u00e9dula de control de una periodista del medio <em data-start=\"859\" data-end=\"873\">Contra Poder<\/em><\/strong>, con sus datos personales expuestos.<\/p>\n<p class=\"\" style=\"text-align: justify;\" data-start=\"914\" data-end=\"1167\">Aunque la publicaci\u00f3n fue corregida tras ser detectado el error, la UPET se\u00f1al\u00f3 que <strong data-start=\"998\" data-end=\"1059\">la informaci\u00f3n permaneci\u00f3 disponible en un portal oficial<\/strong>, lo cual <strong data-start=\"1069\" data-end=\"1114\">viol\u00f3 el Aviso de Privacidad Simplificado<\/strong> incluido por la propia dependencia en su expediente.<\/p>\n<p class=\"\" style=\"text-align: justify;\" data-start=\"1169\" data-end=\"1524\">El presidente de la UPET, Mart\u00edn Rodr\u00edguez Hern\u00e1ndez, expres\u00f3 solidaridad con la periodista afectada y respaldo a cualquier acci\u00f3n legal que decida emprender. Asimismo, <strong data-start=\"1338\" data-end=\"1382\">exigi\u00f3 una sanci\u00f3n para los responsables<\/strong> del acto que calific\u00f3 como negligente y violatorio de los principios de confidencialidad y seguridad para periodistas en situaci\u00f3n de riesgo.<\/p>\n<p class=\"\" style=\"text-align: justify;\" data-start=\"1526\" data-end=\"1755\">La organizaci\u00f3n reiter\u00f3 que estos hechos vulneran no solo a la persona directamente afectada, sino a todo el gremio period\u00edstico, al poner en riesgo su integridad y generar desconfianza en los mecanismos de protecci\u00f3n del Estado.<\/p>\n","protected":false},"excerpt":{"rendered":"<p>Fabiola M\u00c1RQUEZ\/ Tlaxcala, 14 de abril de 2025. \u2014 La Uni\u00f3n de Periodistas del Estado de Tlaxcala (UPET) conden\u00f3 p\u00fablicamente un grave incidente ocurrido el pasado 4 de abril, en el que la Oficina para la Protecci\u00f3n de Personas Defensoras de Derechos Humanos y Periodistas \u2014dependiente de la Secretar\u00eda de Gobierno del Estado\u2014 exhibi\u00f3 informaci\u00f3n [&hellip;]<\/p>\n","protected":false},"author":3,"featured_media":40207,"comment_status":"open","ping_status":"open","sticky":false,"template":"","format":"standard","meta":{"footnotes":""},"categories":[12],"tags":[],"class_list":["post-40206","post","type-post","status-publish","format-standard","has-post-thumbnail","hentry","category-brujula-2026"],"amp_enabled":true,"_links":{"self":[{"href":"https:\/\/labestiapolitica.com.mx\/index.php?rest_route=\/wp\/v2\/posts\/40206","targetHints":{"allow":["GET"]}}],"collection":[{"href":"https:\/\/labestiapolitica.com.mx\/index.php?rest_route=\/wp\/v2\/posts"}],"about":[{"href":"https:\/\/labestiapolitica.com.mx\/index.php?rest_route=\/wp\/v2\/types\/post"}],"author":[{"embeddable":true,"href":"https:\/\/labestiapolitica.com.mx\/index.php?rest_route=\/wp\/v2\/users\/3"}],"replies":[{"embeddable":true,"href":"https:\/\/labestiapolitica.com.mx\/index.php?rest_route=%2Fwp%2Fv2%2Fcomments&post=40206"}],"version-history":[{"count":1,"href":"https:\/\/labestiapolitica.com.mx\/index.php?rest_route=\/wp\/v2\/posts\/40206\/revisions"}],"predecessor-version":[{"id":40208,"href":"https:\/\/labestiapolitica.com.mx\/index.php?rest_route=\/wp\/v2\/posts\/40206\/revisions\/40208"}],"wp:featuredmedia":[{"embeddable":true,"href":"https:\/\/labestiapolitica.com.mx\/index.php?rest_route=\/wp\/v2\/media\/40207"}],"wp:attachment":[{"href":"https:\/\/labestiapolitica.com.mx\/index.php?rest_route=%2Fwp%2Fv2%2Fmedia&parent=40206"}],"wp:term":[{"taxonomy":"category","embeddable":true,"href":"https:\/\/labestiapolitica.com.mx\/index.php?rest_route=%2Fwp%2Fv2%2Fcategories&post=40206"},{"taxonomy":"post_tag","embeddable":true,"href":"https:\/\/labestiapolitica.com.mx\/index.php?rest_route=%2Fwp%2Fv2%2Ftags&post=40206"}],"curies":[{"name":"wp","href":"https:\/\/api.w.org\/{rel}","templated":true}]}}