{"id":40246,"date":"2025-04-16T16:36:30","date_gmt":"2025-04-16T22:36:30","guid":{"rendered":"https:\/\/labestiapolitica.com.mx\/?p=40246"},"modified":"2025-04-21T13:22:32","modified_gmt":"2025-04-21T19:22:32","slug":"panotla-hace-un-llamado-al-cuidado-del-agua-durante-semana-santa","status":"publish","type":"post","link":"https:\/\/labestiapolitica.com.mx\/?p=40246","title":{"rendered":"Panotla hace un llamado al cuidado del agua durante Semana Santa"},"content":{"rendered":"<p class=\"\" data-start=\"253\" data-end=\"530\">Con motivo de las celebraciones de Semana Santa, el H. Ayuntamiento de Panotla, presidido por el alcalde Idelfonso Carro Rold\u00e1n, emiti\u00f3 un exhorto a la poblaci\u00f3n para hacer un uso responsable del agua, especialmente durante el tradicional S\u00e1bado de Gloria.<\/p>\n<p class=\"\" data-start=\"532\" data-end=\"824\">Ante las altas temperaturas y la escasez del vital l\u00edquido en diversas comunidades del municipio, las autoridades municipales recalcaron la importancia de evitar pr\u00e1cticas que deriven en el desperdicio de agua, como el lanzamiento de agua con fines recreativos, costumbre com\u00fan en esta \u00e9poca.<\/p>\n<p class=\"\" data-start=\"826\" data-end=\"1062\">\u201cEl agua es vida, y cuidarla es responsabilidad de todas y todos\u201d, expres\u00f3 el gobierno local en su mensaje a la ciudadan\u00eda. Asimismo, se inform\u00f3 que se aplicar\u00e1n <strong data-start=\"988\" data-end=\"1017\">sanciones administrativas<\/strong> a quienes incumplan con estas disposiciones.<\/p>\n<h3 class=\"\" data-start=\"1064\" data-end=\"1106\"><strong data-start=\"1068\" data-end=\"1106\">Recomendaciones para la poblaci\u00f3n:<\/strong><\/h3>\n<ul data-start=\"1108\" data-end=\"1286\">\n<li class=\"\" data-start=\"1108\" data-end=\"1154\">\n<p class=\"\" data-start=\"1110\" data-end=\"1154\">Evitar mojar a personas en la v\u00eda p\u00fablica.<\/p>\n<\/li>\n<li class=\"\" data-start=\"1155\" data-end=\"1213\">\n<p class=\"\" data-start=\"1157\" data-end=\"1213\">No utilizar mangueras ni cubetas para juegos con agua.<\/p>\n<\/li>\n<li class=\"\" data-start=\"1214\" data-end=\"1286\">\n<p class=\"\" data-start=\"1216\" data-end=\"1286\">Reportar desperdicios al n\u00famero 911 o al tel\u00e9fono local 246 239 09 71.<\/p>\n<\/li>\n<\/ul>\n<p class=\"\" data-start=\"1288\" data-end=\"1519\">El Ayuntamiento reiter\u00f3 su compromiso con el medio ambiente y con el bienestar de las familias panotlenses, subrayando que la colaboraci\u00f3n ciudadana es esencial para garantizar el abasto de agua en los hogares que m\u00e1s lo necesitan.<\/p>\n<p class=\"\" data-start=\"1521\" data-end=\"1649\">Con esta iniciativa, Panotla se suma a las acciones en favor del desarrollo sustentable y el respeto por los recursos naturales.<\/p>\n","protected":false},"excerpt":{"rendered":"<p>Con motivo de las celebraciones de Semana Santa, el H. Ayuntamiento de Panotla, presidido por el alcalde Idelfonso Carro Rold\u00e1n, emiti\u00f3 un exhorto a la poblaci\u00f3n para hacer un uso responsable del agua, especialmente durante el tradicional S\u00e1bado de Gloria. Ante las altas temperaturas y la escasez del vital l\u00edquido en diversas comunidades del municipio, [&hellip;]<\/p>\n","protected":false},"author":3,"featured_media":40247,"comment_status":"open","ping_status":"open","sticky":false,"template":"","format":"standard","meta":{"footnotes":""},"categories":[12,216,237],"tags":[],"class_list":["post-40246","post","type-post","status-publish","format-standard","has-post-thumbnail","hentry","category-brujula-2026","category-municipios","category-panotla"],"amp_enabled":true,"_links":{"self":[{"href":"https:\/\/labestiapolitica.com.mx\/index.php?rest_route=\/wp\/v2\/posts\/40246","targetHints":{"allow":["GET"]}}],"collection":[{"href":"https:\/\/labestiapolitica.com.mx\/index.php?rest_route=\/wp\/v2\/posts"}],"about":[{"href":"https:\/\/labestiapolitica.com.mx\/index.php?rest_route=\/wp\/v2\/types\/post"}],"author":[{"embeddable":true,"href":"https:\/\/labestiapolitica.com.mx\/index.php?rest_route=\/wp\/v2\/users\/3"}],"replies":[{"embeddable":true,"href":"https:\/\/labestiapolitica.com.mx\/index.php?rest_route=%2Fwp%2Fv2%2Fcomments&post=40246"}],"version-history":[{"count":1,"href":"https:\/\/labestiapolitica.com.mx\/index.php?rest_route=\/wp\/v2\/posts\/40246\/revisions"}],"predecessor-version":[{"id":40248,"href":"https:\/\/labestiapolitica.com.mx\/index.php?rest_route=\/wp\/v2\/posts\/40246\/revisions\/40248"}],"wp:featuredmedia":[{"embeddable":true,"href":"https:\/\/labestiapolitica.com.mx\/index.php?rest_route=\/wp\/v2\/media\/40247"}],"wp:attachment":[{"href":"https:\/\/labestiapolitica.com.mx\/index.php?rest_route=%2Fwp%2Fv2%2Fmedia&parent=40246"}],"wp:term":[{"taxonomy":"category","embeddable":true,"href":"https:\/\/labestiapolitica.com.mx\/index.php?rest_route=%2Fwp%2Fv2%2Fcategories&post=40246"},{"taxonomy":"post_tag","embeddable":true,"href":"https:\/\/labestiapolitica.com.mx\/index.php?rest_route=%2Fwp%2Fv2%2Ftags&post=40246"}],"curies":[{"name":"wp","href":"https:\/\/api.w.org\/{rel}","templated":true}]}}