{"id":40249,"date":"2025-04-16T16:51:32","date_gmt":"2025-04-16T22:51:32","guid":{"rendered":"https:\/\/labestiapolitica.com.mx\/?p=40249"},"modified":"2025-04-21T13:22:13","modified_gmt":"2025-04-21T19:22:13","slug":"que-no-te-falten-ellas-de-iure","status":"publish","type":"post","link":"https:\/\/labestiapolitica.com.mx\/?p=40249","title":{"rendered":"DE IURE"},"content":{"rendered":"<p style=\"text-align: justify;\">Que no te falten <strong>ELLAS 2<\/strong><\/p>\n<p style=\"text-align: justify;\"><span data-contrast=\"auto\">Por Ricardo H. Temoltzi<\/span><span data-ccp-props=\"{&quot;335551550&quot;:6,&quot;335551620&quot;:6}\">\u00a0<\/span><\/p>\n<p style=\"text-align: justify;\"><span data-contrast=\"auto\">En las l\u00edneas de la columna de hoy, ten\u00edamos toda la intenci\u00f3n de presentarles un detallado informe del Sistema Con\u00f3celes del INE, sobre las 5 aspirantes a Magistradas por el vig\u00e9simo octavo circuito del Poder Judicial de la Federaci\u00f3n, con sede en el Estado de Tlaxcala, pero adem\u00e1s de ocupar un gran espacio, la compulsa curricular, no aportar\u00eda nada diferente a lo que este micrositio del INE, nos da, he de decir, que este sistema. si nos permite darnos una idea, de la preparaci\u00f3n de las personas que aspiran a ser juzgadores en esta triste deformaci\u00f3n de nuestro sistema pol\u00edtico y judicial, pero que m\u00e1s all\u00e1 de mi preocupaci\u00f3n personal, es un proceso que ya est\u00e1 en puerta y que precisa de la participaci\u00f3n informada de la mayor\u00eda de la ciudadan\u00eda, a fin de permitir que las personas que ocupen esos espacios, sean las m\u00e1s preparadas y que no tengamos casos que lamentar como algunos de los que se han denunciado en el pa\u00eds, en cuanta candidaturas de personas ligadas a actividades il\u00edcitas.<\/span><span data-ccp-props=\"{&quot;335551550&quot;:6,&quot;335551620&quot;:6}\">\u00a0<\/span><\/p>\n<p style=\"text-align: justify;\"><span data-contrast=\"auto\">Pero antes de entrar en el comentario de los perfiles femeninos que compiten en la entidad, propongo que sepamos que es lo que hace un Tribunal Colegiado de Circuito; de acuerdo al Cap\u00edtulo III de la Ley Org\u00e1nica Del Poder Judicial De La Federaci\u00f3n que a la letra se\u00f1ala lo siguiente en su art\u00edculo 35<\/span><span data-ccp-props=\"{&quot;335551550&quot;:6,&quot;335551620&quot;:6}\">\u00a0<\/span><\/p>\n<p style=\"text-align: justify;\"><span data-contrast=\"auto\">Art\u00edculo 35.<\/span><span data-ccp-props=\"{&quot;335551550&quot;:6,&quot;335551620&quot;:6}\">\u00a0<\/span><\/p>\n<p style=\"text-align: justify;\"><span data-contrast=\"auto\">Con las salvedades a que se refiere el art\u00edculo 16 de esta Ley, son competentes los Tribunales Colegiados de Circuito para conocer:<\/span><span data-ccp-props=\"{&quot;335551550&quot;:6,&quot;335551620&quot;:6}\">\u00a0<\/span><\/p>\n<ol style=\"text-align: justify;\">\n<li><span data-contrast=\"auto\">De los juicios de amparo directo contra sentencias definitivas, laudos o contra resoluciones que pongan fin al juicio por violaciones cometidas en ellas o durante la secuela del procedimiento, cuando se trate:<\/span><\/li>\n<li><span data-contrast=\"auto\">a)<\/span> <span data-contrast=\"auto\">En materia penal, de sentencias o resoluciones dictadas por autoridades judiciales del orden com\u00fan o federal, y de las dictadas en incidente de reparaci\u00f3n de da\u00f1o exigible a personas distintas de los inculpados, o en los de responsabilidad civil pronunciadas por los mismos tribunales que conozcan o hayan conocido de los procesos respectivos o por tribunales diversos, en los juicios de responsabilidad civil, cuando la acci\u00f3n se funde en la comisi\u00f3n del delito de que se trate y de las sentencias o resoluciones dictadas por tribunales militares cualesquiera que sean las penas impuestas;<\/span><\/li>\n<li><span data-contrast=\"auto\">b)<\/span> <span data-contrast=\"auto\">En materia administrativa, de sentencias o resoluciones dictadas por tribunales administrativos o judiciales, sean locales o federales;<\/span><\/li>\n<li><span data-contrast=\"auto\">c)<\/span> <span data-contrast=\"auto\">En materia civil o mercantil, de sentencias o resoluciones respecto de las que no proceda el recurso de apelaci\u00f3n, de acuerdo con las leyes que las rigen, o de sentencias o resoluciones dictadas en apelaci\u00f3n en juicios del orden com\u00fan o federal, y<\/span><\/li>\n<li><span data-contrast=\"auto\">d)<\/span> <span data-contrast=\"auto\">En materia laboral, de laudos o resoluciones dictadas por juntas o tribunales federales o locales;<\/span><\/li>\n<\/ol>\n<p style=\"text-align: justify;\"><span data-contrast=\"auto\">Adem\u00e1s, de los p\u00e1rrafos II al IX establece los diferentes recursos que puede conocer, entre los que se encuentran, el de revisi\u00f3n en materia de Amparo, de queja, de inconformidad, de revisi\u00f3n contra las sentencias pronunciadas en la audiencia constitucional por las y los Jueces de Distrito, de revisi\u00f3n en resoluciones de tribunales de justicia administrativa, y de reclamaci\u00f3n previstos en la Ley de Amparo.<\/span><span data-ccp-props=\"{&quot;335551550&quot;:6,&quot;335551620&quot;:6}\">\u00a0<\/span><\/p>\n<p style=\"text-align: justify;\"><span data-contrast=\"auto\">Bien, una vez sabiendo que har\u00e1n 4 de las 5 aspirantes que puedan ganar, mas all\u00e1 de poder platicarles de las propuestas de las candidatas, las cuales destacan tristemente algunas como formar c\u00edrculos de lectura entre la plantilla laboral de los tribunales colegiados y en horarios laborales; o de otra candidatura que establece que ser\u00eda viable Fomentar m\u00e9todos alternativos de resoluci\u00f3n de conflictos en los procesos judiciales, sin reflexionar que el cargo el cual tiene la enorme oportunidad de desempe\u00f1ar, no puede plantear un tema asi, puesto que el proceso judicial que llega a sus manos, ya tiene una sentencia y que all\u00ed ya no hay resoluci\u00f3n de conflictos, pues el conflicto ya fue resuelto. Tampoco es el caso de esta columna analiza la Visi\u00f3n de la Funci\u00f3n Jurisdiccional y la de Impartici\u00f3n De Justicia, de cada una de las candidaturas, mas all\u00e1 de que hay algunas que parecen extra\u00eddas de un diccionario de temas jur\u00eddicos, o aquellas que han comprado la narrativa del r\u00e9gimen en cuanto que todo el poder judicial est\u00e1 viciado y por tanto es imperante erradicar este vicio de los tribunales en contienda.\u00a0<\/span><span data-ccp-props=\"{&quot;335551550&quot;:6,&quot;335551620&quot;:6}\">\u00a0<\/span><\/p>\n<p style=\"text-align: justify;\"><span data-contrast=\"auto\">No haremos pues un an\u00e1lisis de las curriculas acad\u00e9micas y laborales de las candidatas, pues todas ellas las podr\u00e1n encontrar en las ligas que les dejaremos al final de la presente columna. Si dan click en cada uno de los links, podr\u00e1n descubrir cuales son las mujeres m\u00e1s preparadas para este tema, quienes independientemente de su origen poblacional y\/o residencial, est\u00e1n armadas de experiencia, tes\u00f3n, energ\u00eda y conocimiento para desempe\u00f1ar la funci\u00f3n de la revisi\u00f3n de la impartici\u00f3n de justicia, y que con toda seguridad pueden confirmar o desechar una sentencia emitida por una autoridad judicial. y por tanto darse una idea clara. Mas bien la reflexi\u00f3n que emitiremos, ser\u00e1 en comentarles amable universo lector, por quien <\/span><b><span data-contrast=\"auto\">NO DEBEN DEJAR DE VOTAR<\/span><\/b><span data-contrast=\"auto\">, cuando usted que lee esta columna, tenga en sus manos la boleta rosada en el \u00e1mbito federal, le suplico con todo el cari\u00f1o por mi pa\u00eds y por nuestra estabilidad pol\u00edtica, que, de sus cuatro votos, en este caso, no deje de utilizar dos de ellos para anotar el n\u00famero 02 y el n\u00famero 05. Usted ciudadana y ciudadano que ejerza su derecho al voto, no deje de votar por Martha Mireya Rojas y por Elsa Cordero, estas dos mujeres, sin menoscabo de las otras 3 participantes, han dedicado su vida a la administraci\u00f3n de la Justicia. La Mtra. Mireya Rojas, hoy es secretaria en funciones de Magistrada, preparada acad\u00e9micamente y laboralmente para la funci\u00f3n en la que aspira continuar, con una visi\u00f3n clara de que la interpretaci\u00f3n de la ley no es popularidad, sino que debe estar blindada de sensibilidad, perspectiva y rigor; y que est\u00e9 basada en la igualdad y el respeto a los derechos humanos. Ella es n\u00famero 5 y es una persona por la que usted no debe dejar de votar.\u00a0<\/span><span data-ccp-props=\"{&quot;335551550&quot;:6,&quot;335551620&quot;:6}\">\u00a0<\/span><\/p>\n<p style=\"text-align: justify;\"><span data-contrast=\"auto\">Por otro lado, la Dra. Elsa Cordero Mart\u00ednez, con el n\u00famero 02, es una mujer por dem\u00e1s admirable, no solo por su preparaci\u00f3n permanente y constante en los temas de derecho y justicia con perspectiva de g\u00e9nero, o por su profunda visi\u00f3n de los alcances la impartici\u00f3n de la justicia y el impacto en temas nodales, de la sociedad, como el desarrollo econ\u00f3mico, social, en los derechos humanos y en la paz social. Es toda la hoja de vida de la Dra. Cordero, su sensibilidad, su crecimiento, su auto empoderamiento, su feminismo, su empat\u00eda, su constante lucha por la igualdad, su voz firme ante injusticias sociales, todo eso la preparo para ser una persona Juzgadora, am\u00e9n de haber presidido el Poder Judicial del Estado de Tlaxcala, es la suma de\u00a0 su preparaci\u00f3n acad\u00e9mica, de experiencia judicial, de valores, de aprendizaje de los yerros personales y profesionales, de la \u00e9tica con que avanza, asi como de su gran sensibilidad y sororidad, de su generosidad para con la sociedad, entre otras tantas virtudes que hacen que esta mujer, <\/span><b><span data-contrast=\"auto\">SEA IMPRESCINDIBLE<\/span><\/b><span data-contrast=\"auto\"> en la boleta rosa que usted recibir\u00e1 el 1 de junio de 2025 al momento de ir a votar.<\/span><span data-ccp-props=\"{&quot;335551550&quot;:6,&quot;335551620&quot;:6}\">\u00a0<\/span><\/p>\n<p style=\"text-align: justify;\"><span data-contrast=\"auto\">Es por ello que, ante la imperiosa necesidad de la participaci\u00f3n ciudadana, es nuestro deber como medios de comunicaci\u00f3n acercarle a usted lectora, a usted lector, lo que a nuestro juicio es lo mejor, haci\u00e9ndonos por supuesto responsables por nuestras palabras, por ello confirmo aqu\u00ed, que en la boleta rosa federal el n\u00famero 02 y el n\u00famero 05, deben plasmarse, los tres perfiles restantes, est\u00e1n tambi\u00e9n para su escrutinio, lo cierto es que si este escribano no tiene mucho bueno que decir de ellas 3, mucho menos dir\u00e1 algo malo, de tan valiosas mujeres quienes valientemente se habr\u00e1n de someter al juicio ciudadano.<\/span><span data-ccp-props=\"{&quot;335551550&quot;:6,&quot;335551620&quot;:6}\">\u00a0<\/span><\/p>\n<p style=\"text-align: justify;\"><span data-ccp-props=\"{&quot;335551550&quot;:6,&quot;335551620&quot;:6}\">\u00a0<\/span><\/p>\n<p><span data-contrast=\"auto\">DIXI.<\/span><span data-ccp-props=\"{&quot;335551550&quot;:6,&quot;335551620&quot;:6}\">\u00a0<\/span><\/p>\n<p><b><i><span data-contrast=\"auto\">Lex est lex a viris et feminis.<\/span><\/i><\/b><span data-ccp-props=\"{&quot;335551550&quot;:6,&quot;335551620&quot;:6}\">\u00a0<\/span><\/p>\n<p><span data-contrast=\"auto\">Guadalupe del Socorro Ay Jim\u00e9nez n\u00famero 01. <\/span><a href=\"https:\/\/candidaturaspoderjudicial.ine.mx\/detalleCandidato\/52388\/10\"><span data-contrast=\"none\">https:\/\/candidaturaspoderjudicial.ine.mx\/detalleCandidato\/52388\/10<\/span><\/a><span data-ccp-props=\"{&quot;335551550&quot;:6,&quot;335551620&quot;:6}\">\u00a0<\/span><\/p>\n<p><span data-contrast=\"auto\">Elsa Cordero Mart\u00ednez n\u00famero 02. <\/span><a href=\"https:\/\/candidaturaspoderjudicial.ine.mx\/detalleCandidato\/52875\/10\"><span data-contrast=\"none\">https:\/\/candidaturaspoderjudicial.ine.mx\/detalleCandidato\/52875\/10<\/span><\/a><span data-ccp-props=\"{&quot;335551550&quot;:6,&quot;335551620&quot;:6}\">\u00a0<\/span><\/p>\n<p><span data-contrast=\"auto\">Mireya Mendieta Salda\u00f1a n\u00famero 03 <\/span><a href=\"https:\/\/candidaturaspoderjudicial.ine.mx\/detalleCandidato\/54099\/10\"><span data-contrast=\"none\">https:\/\/candidaturaspoderjudicial.ine.mx\/detalleCandidato\/54099\/10<\/span><\/a><span data-ccp-props=\"{&quot;335551550&quot;:6,&quot;335551620&quot;:6}\">\u00a0<\/span><\/p>\n<p><span data-contrast=\"auto\">Mercedes Ortiz Xilotl n\u00famero 04. <\/span><a href=\"https:\/\/candidaturaspoderjudicial.ine.mx\/detalleCandidato\/54202\/10\"><span data-contrast=\"none\">https:\/\/candidaturaspoderjudicial.ine.mx\/detalleCandidato\/54202\/10<\/span><\/a><span data-ccp-props=\"{&quot;335551550&quot;:6,&quot;335551620&quot;:6}\">\u00a0<\/span><\/p>\n<p><span data-contrast=\"auto\">Martha Mireya Rojas Carranco n\u00famero 05. <\/span><a href=\"https:\/\/candidaturaspoderjudicial.ine.mx\/detalleCandidato\/55280\/10\"><span data-contrast=\"none\">https:\/\/candidaturaspoderjudicial.ine.mx\/detalleCandidato\/55280\/10<\/span><\/a><span data-ccp-props=\"{&quot;335551550&quot;:6,&quot;335551620&quot;:6}\">\u00a0<\/span><\/p>\n","protected":false},"excerpt":{"rendered":"<p>Que no te falten ELLAS 2 Por Ricardo H. Temoltzi\u00a0 En las l\u00edneas de la columna de hoy, ten\u00edamos toda la intenci\u00f3n de presentarles un detallado informe del Sistema Con\u00f3celes del INE, sobre las 5 aspirantes a Magistradas por el vig\u00e9simo octavo circuito del Poder Judicial de la Federaci\u00f3n, con sede en el Estado de [&hellip;]<\/p>\n","protected":false},"author":3,"featured_media":40264,"comment_status":"open","ping_status":"open","sticky":false,"template":"","format":"standard","meta":{"footnotes":""},"categories":[6],"tags":[],"class_list":["post-40249","post","type-post","status-publish","format-standard","has-post-thumbnail","hentry","category-opinion"],"amp_enabled":true,"_links":{"self":[{"href":"https:\/\/labestiapolitica.com.mx\/index.php?rest_route=\/wp\/v2\/posts\/40249","targetHints":{"allow":["GET"]}}],"collection":[{"href":"https:\/\/labestiapolitica.com.mx\/index.php?rest_route=\/wp\/v2\/posts"}],"about":[{"href":"https:\/\/labestiapolitica.com.mx\/index.php?rest_route=\/wp\/v2\/types\/post"}],"author":[{"embeddable":true,"href":"https:\/\/labestiapolitica.com.mx\/index.php?rest_route=\/wp\/v2\/users\/3"}],"replies":[{"embeddable":true,"href":"https:\/\/labestiapolitica.com.mx\/index.php?rest_route=%2Fwp%2Fv2%2Fcomments&post=40249"}],"version-history":[{"count":8,"href":"https:\/\/labestiapolitica.com.mx\/index.php?rest_route=\/wp\/v2\/posts\/40249\/revisions"}],"predecessor-version":[{"id":40339,"href":"https:\/\/labestiapolitica.com.mx\/index.php?rest_route=\/wp\/v2\/posts\/40249\/revisions\/40339"}],"wp:featuredmedia":[{"embeddable":true,"href":"https:\/\/labestiapolitica.com.mx\/index.php?rest_route=\/wp\/v2\/media\/40264"}],"wp:attachment":[{"href":"https:\/\/labestiapolitica.com.mx\/index.php?rest_route=%2Fwp%2Fv2%2Fmedia&parent=40249"}],"wp:term":[{"taxonomy":"category","embeddable":true,"href":"https:\/\/labestiapolitica.com.mx\/index.php?rest_route=%2Fwp%2Fv2%2Fcategories&post=40249"},{"taxonomy":"post_tag","embeddable":true,"href":"https:\/\/labestiapolitica.com.mx\/index.php?rest_route=%2Fwp%2Fv2%2Ftags&post=40249"}],"curies":[{"name":"wp","href":"https:\/\/api.w.org\/{rel}","templated":true}]}}