{"id":40250,"date":"2025-04-16T17:02:40","date_gmt":"2025-04-16T23:02:40","guid":{"rendered":"https:\/\/labestiapolitica.com.mx\/?p=40250"},"modified":"2025-04-16T17:02:40","modified_gmt":"2025-04-16T23:02:40","slug":"policia-de-apizaco-cumple-con-ordenes-de-apercibimientos-para-mejorar-la-seguridad-y-la-imagen-urbana","status":"publish","type":"post","link":"https:\/\/labestiapolitica.com.mx\/?p=40250","title":{"rendered":"Polic\u00eda de Apizaco cumple con \u00f3rdenes de apercibimientos para mejorar la seguridad y la imagen urbana."},"content":{"rendered":"<p>El <strong>Gobierno Municipal de Apizaco, que encabeza Javier Rivera Bonilla, <\/strong>contin\u00faa trabajando firmemente por el orden, la seguridad y el bienestar del municipio. A trav\u00e9s de la <strong>Direcci\u00f3n de Seguridad P\u00fablica, Vialidad y Transporte,<\/strong> se llevan a cabo acciones de apercibimiento a propietarios de veh\u00edculos en estado de abandono, con base en lo establecido en el Art\u00edculo 104, incisos IV y V del Bando de Polic\u00eda y Gobierno, as\u00ed como en los Art\u00edculos 73, fracciones I,II, III y IV; y 74 del Reglamento de Seguridad Vial y Transporte Municipal vigente.<\/p>\n<p>Bajo la supervisi\u00f3n del <strong>Capit\u00e1n de Corbeta I.M.P. Jos\u00e9 Ram\u00f3n Jacques Mena<\/strong>, elementos de la Polic\u00eda Municipal identifican y retiran aquellas unidades que obstaculizan la v\u00eda p\u00fablica, y representan un riesgo para la seguridad vial, adem\u00e1s de afectar negativamente la imagen urbana de Apizaco.<\/p>\n<p>El Gobierno Municipal exhorta a la ciudadan\u00eda a colaborar activamente retirando de la v\u00eda p\u00fablica veh\u00edculos siniestrados, descompuestos o abandonados, con el objetivo de mantener calles m\u00e1s seguras, limpias y ordenadas para todas y todos.<\/p>\n<p>Asimismo, se invita a las y los apizaquenses a reportar cualquier unidad en estado de abandono al n\u00famero de la Direcci\u00f3n de Seguridad P\u00fablica, Vialidad y Transporte: 241 418 0900, y 241 418 0917, as\u00ed como la l\u00ednea de WhatsApp, 241 178 5114.<\/p>\n<p>&nbsp;<\/p>\n<p><img loading=\"lazy\" decoding=\"async\" class=\"alignnone size-full wp-image-28405\" src=\"https:\/\/labestiapolitica.com.mx\/wp-content\/uploads\/2024\/06\/U-NOVA-y-se-diferente.png\" alt=\"\" width=\"1000\" height=\"600\" srcset=\"https:\/\/labestiapolitica.com.mx\/wp-content\/uploads\/2024\/06\/U-NOVA-y-se-diferente.png 1000w, https:\/\/labestiapolitica.com.mx\/wp-content\/uploads\/2024\/06\/U-NOVA-y-se-diferente-300x180.png 300w, https:\/\/labestiapolitica.com.mx\/wp-content\/uploads\/2024\/06\/U-NOVA-y-se-diferente-768x461.png 768w\" sizes=\"auto, (max-width: 1000px) 100vw, 1000px\" \/><\/p>\n","protected":false},"excerpt":{"rendered":"<p>El Gobierno Municipal de Apizaco, que encabeza Javier Rivera Bonilla, contin\u00faa trabajando firmemente por el orden, la seguridad y el bienestar del municipio. A trav\u00e9s de la Direcci\u00f3n de Seguridad P\u00fablica, Vialidad y Transporte, se llevan a cabo acciones de apercibimiento a propietarios de veh\u00edculos en estado de abandono, con base en lo establecido en [&hellip;]<\/p>\n","protected":false},"author":3,"featured_media":40254,"comment_status":"open","ping_status":"open","sticky":false,"template":"","format":"standard","meta":{"footnotes":""},"categories":[226,12,216],"tags":[],"class_list":["post-40250","post","type-post","status-publish","format-standard","has-post-thumbnail","hentry","category-apizaco","category-brujula-2026","category-municipios"],"amp_enabled":true,"_links":{"self":[{"href":"https:\/\/labestiapolitica.com.mx\/index.php?rest_route=\/wp\/v2\/posts\/40250","targetHints":{"allow":["GET"]}}],"collection":[{"href":"https:\/\/labestiapolitica.com.mx\/index.php?rest_route=\/wp\/v2\/posts"}],"about":[{"href":"https:\/\/labestiapolitica.com.mx\/index.php?rest_route=\/wp\/v2\/types\/post"}],"author":[{"embeddable":true,"href":"https:\/\/labestiapolitica.com.mx\/index.php?rest_route=\/wp\/v2\/users\/3"}],"replies":[{"embeddable":true,"href":"https:\/\/labestiapolitica.com.mx\/index.php?rest_route=%2Fwp%2Fv2%2Fcomments&post=40250"}],"version-history":[{"count":1,"href":"https:\/\/labestiapolitica.com.mx\/index.php?rest_route=\/wp\/v2\/posts\/40250\/revisions"}],"predecessor-version":[{"id":40255,"href":"https:\/\/labestiapolitica.com.mx\/index.php?rest_route=\/wp\/v2\/posts\/40250\/revisions\/40255"}],"wp:featuredmedia":[{"embeddable":true,"href":"https:\/\/labestiapolitica.com.mx\/index.php?rest_route=\/wp\/v2\/media\/40254"}],"wp:attachment":[{"href":"https:\/\/labestiapolitica.com.mx\/index.php?rest_route=%2Fwp%2Fv2%2Fmedia&parent=40250"}],"wp:term":[{"taxonomy":"category","embeddable":true,"href":"https:\/\/labestiapolitica.com.mx\/index.php?rest_route=%2Fwp%2Fv2%2Fcategories&post=40250"},{"taxonomy":"post_tag","embeddable":true,"href":"https:\/\/labestiapolitica.com.mx\/index.php?rest_route=%2Fwp%2Fv2%2Ftags&post=40250"}],"curies":[{"name":"wp","href":"https:\/\/api.w.org\/{rel}","templated":true}]}}