{"id":40274,"date":"2025-04-20T17:42:33","date_gmt":"2025-04-20T23:42:33","guid":{"rendered":"https:\/\/labestiapolitica.com.mx\/?p=40274"},"modified":"2025-04-20T17:42:33","modified_gmt":"2025-04-20T23:42:33","slug":"%f0%9f%94%a5-tetla-se-sumo-a-la-defensa-del-bosque-%f0%9f%8c%b2","status":"publish","type":"post","link":"https:\/\/labestiapolitica.com.mx\/?p=40274","title":{"rendered":"\ud83d\udd25 Tetla se sum\u00f3 a la defensa del bosque \ud83c\udf32"},"content":{"rendered":"<p class=\"\" style=\"text-align: justify;\" data-start=\"166\" data-end=\"380\">Con valor, estrategia y coordinaci\u00f3n, la <strong data-start=\"207\" data-end=\"259\">Direcci\u00f3n de Protecci\u00f3n Civil Municipal de Tetla<\/strong> se uni\u00f3 a las labores para combatir el fuerte incendio registrado en <strong data-start=\"329\" data-end=\"364\">Las Pe\u00f1as del Cerro San Gabriel<\/strong>, en Altzayanca.<\/p>\n<p class=\"\" style=\"text-align: justify;\" data-start=\"382\" data-end=\"639\">Desde el centro de acopio, <strong data-start=\"409\" data-end=\"452\">nuestro personal y equipo especializado<\/strong> fue trasladado hasta la parte m\u00e1s alta de la zona siniestrada, donde se ejecut\u00f3 una <strong data-start=\"537\" data-end=\"580\">quema controlada tipo fuego contrafuego<\/strong>, t\u00e9cnica que sigue activa para frenar el avance del fuego.<\/p>\n<p class=\"\" style=\"text-align: justify;\" data-start=\"641\" data-end=\"833\">\ud83d\ude92 Adem\u00e1s, nuestras unidades participaron en el <strong data-start=\"689\" data-end=\"726\">traslado de v\u00edveres y suministros<\/strong> hacia puntos de dif\u00edcil acceso, todo con el respaldo de la <strong data-start=\"786\" data-end=\"832\">unidad especializada de b\u00fasqueda y rescate<\/strong>.<\/p>\n<p class=\"\" style=\"text-align: justify;\" data-start=\"835\" data-end=\"964\">La solidaridad entre \u00f3rdenes de gobierno marca la diferencia. Hoy, <strong data-start=\"902\" data-end=\"952\">Tetla apoya al Gobierno Federal y a la CONAFOR<\/strong> con hechos.<\/p>\n<p class=\"\" style=\"text-align: justify;\" data-start=\"966\" data-end=\"1058\">#GobiernoQueCumpleyGeneraBienestar \u2705<br data-start=\"1002\" data-end=\"1005\" \/>#TetlaUnidoContraElFuego<br data-start=\"1029\" data-end=\"1032\" \/>#Protecci\u00f3nCivilEnAcci\u00f3n<\/p>\n","protected":false},"excerpt":{"rendered":"<p>Con valor, estrategia y coordinaci\u00f3n, la Direcci\u00f3n de Protecci\u00f3n Civil Municipal de Tetla se uni\u00f3 a las labores para combatir el fuerte incendio registrado en Las Pe\u00f1as del Cerro San Gabriel, en Altzayanca. Desde el centro de acopio, nuestro personal y equipo especializado fue trasladado hasta la parte m\u00e1s alta de la zona siniestrada, donde [&hellip;]<\/p>\n","protected":false},"author":3,"featured_media":40279,"comment_status":"open","ping_status":"open","sticky":false,"template":"","format":"standard","meta":{"footnotes":""},"categories":[12],"tags":[],"class_list":["post-40274","post","type-post","status-publish","format-standard","has-post-thumbnail","hentry","category-brujula-2026"],"amp_enabled":true,"_links":{"self":[{"href":"https:\/\/labestiapolitica.com.mx\/index.php?rest_route=\/wp\/v2\/posts\/40274","targetHints":{"allow":["GET"]}}],"collection":[{"href":"https:\/\/labestiapolitica.com.mx\/index.php?rest_route=\/wp\/v2\/posts"}],"about":[{"href":"https:\/\/labestiapolitica.com.mx\/index.php?rest_route=\/wp\/v2\/types\/post"}],"author":[{"embeddable":true,"href":"https:\/\/labestiapolitica.com.mx\/index.php?rest_route=\/wp\/v2\/users\/3"}],"replies":[{"embeddable":true,"href":"https:\/\/labestiapolitica.com.mx\/index.php?rest_route=%2Fwp%2Fv2%2Fcomments&post=40274"}],"version-history":[{"count":1,"href":"https:\/\/labestiapolitica.com.mx\/index.php?rest_route=\/wp\/v2\/posts\/40274\/revisions"}],"predecessor-version":[{"id":40280,"href":"https:\/\/labestiapolitica.com.mx\/index.php?rest_route=\/wp\/v2\/posts\/40274\/revisions\/40280"}],"wp:featuredmedia":[{"embeddable":true,"href":"https:\/\/labestiapolitica.com.mx\/index.php?rest_route=\/wp\/v2\/media\/40279"}],"wp:attachment":[{"href":"https:\/\/labestiapolitica.com.mx\/index.php?rest_route=%2Fwp%2Fv2%2Fmedia&parent=40274"}],"wp:term":[{"taxonomy":"category","embeddable":true,"href":"https:\/\/labestiapolitica.com.mx\/index.php?rest_route=%2Fwp%2Fv2%2Fcategories&post=40274"},{"taxonomy":"post_tag","embeddable":true,"href":"https:\/\/labestiapolitica.com.mx\/index.php?rest_route=%2Fwp%2Fv2%2Ftags&post=40274"}],"curies":[{"name":"wp","href":"https:\/\/api.w.org\/{rel}","templated":true}]}}