{"id":40284,"date":"2025-04-16T21:28:55","date_gmt":"2025-04-17T03:28:55","guid":{"rendered":"https:\/\/labestiapolitica.com.mx\/?p=40284"},"modified":"2025-04-20T21:29:38","modified_gmt":"2025-04-21T03:29:38","slug":"desde-tetla-apoyemos-a-nuestros-hermanos-brigadistas-y-voluntarios-en-atltzayanca-%f0%9f%94%a5","status":"publish","type":"post","link":"https:\/\/labestiapolitica.com.mx\/?p=40284","title":{"rendered":"Desde Tetla: Apoyemos a nuestros hermanos brigadistas y voluntarios en Atltzayanca \ud83d\udd25"},"content":{"rendered":"<p class=\"\" style=\"text-align: justify;\" data-start=\"168\" data-end=\"334\">Un incendio forestal ha puesto a prueba la fuerza y el coraz\u00f3n de #Atltzayanca, y hoy m\u00e1s que nunca <strong data-start=\"268\" data-end=\"306\">nuestros brigadistas y voluntarios<\/strong> necesitan de nosotros. \ud83d\ude4f\ud83c\udffc<\/p>\n<p class=\"\" style=\"text-align: justify;\" data-start=\"336\" data-end=\"526\"><strong data-start=\"336\" data-end=\"382\">Tu solidaridad puede marcar la diferencia.<\/strong> S\u00famate llevando v\u00edveres, agua, herramientas o insumos de primeros auxilios al <strong data-start=\"461\" data-end=\"481\">Centro de Acopio<\/strong>, que estar\u00e1 abierto <strong data-start=\"502\" data-end=\"525\">ma\u00f1ana y el viernes<\/strong>.<\/p>\n<p class=\"\" style=\"text-align: justify;\" data-start=\"528\" data-end=\"593\">\ud83d\udccd<em data-start=\"530\" data-end=\"593\">Consulta aqu\u00ed todos los detalles y puntos de recolecci\u00f3n \ud83d\udc47\ud83c\udffb<\/em><\/p>\n<p class=\"\" style=\"text-align: justify;\" data-start=\"595\" data-end=\"736\">Juntos, somos m\u00e1s fuertes. \ud83d\udcaa\ud83c\udffc\ud83c\udf32<br data-start=\"628\" data-end=\"631\" \/>#FuerzaAtltzayanca #CentroDeAcopio #UnidosPorNuestrosBosques #SolidaridadTlaxcalteca #BrigadistasTlaxcala<\/p>\n","protected":false},"excerpt":{"rendered":"<p>Un incendio forestal ha puesto a prueba la fuerza y el coraz\u00f3n de #Atltzayanca, y hoy m\u00e1s que nunca nuestros brigadistas y voluntarios necesitan de nosotros. \ud83d\ude4f\ud83c\udffc Tu solidaridad puede marcar la diferencia. S\u00famate llevando v\u00edveres, agua, herramientas o insumos de primeros auxilios al Centro de Acopio, que estar\u00e1 abierto ma\u00f1ana y el viernes. \ud83d\udccdConsulta [&hellip;]<\/p>\n","protected":false},"author":3,"featured_media":40285,"comment_status":"open","ping_status":"open","sticky":false,"template":"","format":"standard","meta":{"footnotes":""},"categories":[12],"tags":[],"class_list":["post-40284","post","type-post","status-publish","format-standard","has-post-thumbnail","hentry","category-brujula-2026"],"amp_enabled":true,"_links":{"self":[{"href":"https:\/\/labestiapolitica.com.mx\/index.php?rest_route=\/wp\/v2\/posts\/40284","targetHints":{"allow":["GET"]}}],"collection":[{"href":"https:\/\/labestiapolitica.com.mx\/index.php?rest_route=\/wp\/v2\/posts"}],"about":[{"href":"https:\/\/labestiapolitica.com.mx\/index.php?rest_route=\/wp\/v2\/types\/post"}],"author":[{"embeddable":true,"href":"https:\/\/labestiapolitica.com.mx\/index.php?rest_route=\/wp\/v2\/users\/3"}],"replies":[{"embeddable":true,"href":"https:\/\/labestiapolitica.com.mx\/index.php?rest_route=%2Fwp%2Fv2%2Fcomments&post=40284"}],"version-history":[{"count":1,"href":"https:\/\/labestiapolitica.com.mx\/index.php?rest_route=\/wp\/v2\/posts\/40284\/revisions"}],"predecessor-version":[{"id":40286,"href":"https:\/\/labestiapolitica.com.mx\/index.php?rest_route=\/wp\/v2\/posts\/40284\/revisions\/40286"}],"wp:featuredmedia":[{"embeddable":true,"href":"https:\/\/labestiapolitica.com.mx\/index.php?rest_route=\/wp\/v2\/media\/40285"}],"wp:attachment":[{"href":"https:\/\/labestiapolitica.com.mx\/index.php?rest_route=%2Fwp%2Fv2%2Fmedia&parent=40284"}],"wp:term":[{"taxonomy":"category","embeddable":true,"href":"https:\/\/labestiapolitica.com.mx\/index.php?rest_route=%2Fwp%2Fv2%2Fcategories&post=40284"},{"taxonomy":"post_tag","embeddable":true,"href":"https:\/\/labestiapolitica.com.mx\/index.php?rest_route=%2Fwp%2Fv2%2Ftags&post=40284"}],"curies":[{"name":"wp","href":"https:\/\/api.w.org\/{rel}","templated":true}]}}