{"id":40293,"date":"2025-04-11T21:46:21","date_gmt":"2025-04-12T03:46:21","guid":{"rendered":"https:\/\/labestiapolitica.com.mx\/?p=40293"},"modified":"2025-04-20T21:46:53","modified_gmt":"2025-04-21T03:46:53","slug":"el-presidente-giovani-montiel-impulsa-con-orgullo-nuestras-tradiciones-en-la-feria-agricola-de-dolores-%f0%9f%8c%be%f0%9f%8e%89","status":"publish","type":"post","link":"https:\/\/labestiapolitica.com.mx\/?p=40293","title":{"rendered":"El presidente Giovani Montiel impulsa con orgullo nuestras tradiciones en la Feria Agr\u00edcola de Dolores \ud83c\udf3e\ud83c\udf89"},"content":{"rendered":"<p class=\"\" style=\"text-align: justify;\" data-start=\"192\" data-end=\"453\">Con entusiasmo y firme compromiso con la cultura local, el <strong data-start=\"251\" data-end=\"297\">Presidente Municipal, Lic. Giovani Montiel<\/strong>, encabez\u00f3 la <strong data-start=\"311\" data-end=\"340\">inauguraci\u00f3n y coronaci\u00f3n<\/strong> de la tradicional <strong data-start=\"359\" data-end=\"388\">Feria Agr\u00edcola de Dolores<\/strong>, una de las celebraciones m\u00e1s emblem\u00e1ticas de nuestra comunidad.<\/p>\n<p class=\"\" style=\"text-align: justify;\" data-start=\"455\" data-end=\"695\">Durante el evento, el alcalde refrend\u00f3 su respaldo al <strong data-start=\"509\" data-end=\"544\">desarrollo cultural y econ\u00f3mico<\/strong> del municipio, realizando una <strong data-start=\"575\" data-end=\"599\">aportaci\u00f3n econ\u00f3mica<\/strong> que fortalece nuestras costumbres y respalda a las familias que hacen posible esta gran fiesta.<\/p>\n<p class=\"\" style=\"text-align: justify;\" data-start=\"697\" data-end=\"810\">\ud83d\udc49\ud83c\udffc \u00a1Con hechos y cercan\u00eda, seguimos trabajando juntos por un Tetla m\u00e1s fuerte, unido y orgulloso de sus ra\u00edces!<\/p>\n<p class=\"\" style=\"text-align: justify;\" data-start=\"812\" data-end=\"929\">#FeriaAgr\u00edcolaDeDolores #TradicionesQueViven #GiovaniMontiel #TetlaDeLaSolidaridad #GobiernoCercano #CulturaYProgreso<\/p>\n","protected":false},"excerpt":{"rendered":"<p>Con entusiasmo y firme compromiso con la cultura local, el Presidente Municipal, Lic. Giovani Montiel, encabez\u00f3 la inauguraci\u00f3n y coronaci\u00f3n de la tradicional Feria Agr\u00edcola de Dolores, una de las celebraciones m\u00e1s emblem\u00e1ticas de nuestra comunidad. Durante el evento, el alcalde refrend\u00f3 su respaldo al desarrollo cultural y econ\u00f3mico del municipio, realizando una aportaci\u00f3n econ\u00f3mica [&hellip;]<\/p>\n","protected":false},"author":3,"featured_media":40294,"comment_status":"open","ping_status":"open","sticky":false,"template":"","format":"standard","meta":{"footnotes":""},"categories":[12],"tags":[],"class_list":["post-40293","post","type-post","status-publish","format-standard","has-post-thumbnail","hentry","category-brujula-2026"],"amp_enabled":true,"_links":{"self":[{"href":"https:\/\/labestiapolitica.com.mx\/index.php?rest_route=\/wp\/v2\/posts\/40293","targetHints":{"allow":["GET"]}}],"collection":[{"href":"https:\/\/labestiapolitica.com.mx\/index.php?rest_route=\/wp\/v2\/posts"}],"about":[{"href":"https:\/\/labestiapolitica.com.mx\/index.php?rest_route=\/wp\/v2\/types\/post"}],"author":[{"embeddable":true,"href":"https:\/\/labestiapolitica.com.mx\/index.php?rest_route=\/wp\/v2\/users\/3"}],"replies":[{"embeddable":true,"href":"https:\/\/labestiapolitica.com.mx\/index.php?rest_route=%2Fwp%2Fv2%2Fcomments&post=40293"}],"version-history":[{"count":1,"href":"https:\/\/labestiapolitica.com.mx\/index.php?rest_route=\/wp\/v2\/posts\/40293\/revisions"}],"predecessor-version":[{"id":40295,"href":"https:\/\/labestiapolitica.com.mx\/index.php?rest_route=\/wp\/v2\/posts\/40293\/revisions\/40295"}],"wp:featuredmedia":[{"embeddable":true,"href":"https:\/\/labestiapolitica.com.mx\/index.php?rest_route=\/wp\/v2\/media\/40294"}],"wp:attachment":[{"href":"https:\/\/labestiapolitica.com.mx\/index.php?rest_route=%2Fwp%2Fv2%2Fmedia&parent=40293"}],"wp:term":[{"taxonomy":"category","embeddable":true,"href":"https:\/\/labestiapolitica.com.mx\/index.php?rest_route=%2Fwp%2Fv2%2Fcategories&post=40293"},{"taxonomy":"post_tag","embeddable":true,"href":"https:\/\/labestiapolitica.com.mx\/index.php?rest_route=%2Fwp%2Fv2%2Ftags&post=40293"}],"curies":[{"name":"wp","href":"https:\/\/api.w.org\/{rel}","templated":true}]}}