{"id":40321,"date":"2025-04-02T22:17:06","date_gmt":"2025-04-03T04:17:06","guid":{"rendered":"https:\/\/labestiapolitica.com.mx\/?p=40321"},"modified":"2025-04-20T22:17:39","modified_gmt":"2025-04-21T04:17:39","slug":"%f0%9f%8c%bd-tetla-fortalece-al-campo-con-entrega-de-semilla-hibrida-a-productores-locales-%f0%9f%9a%9c","status":"publish","type":"post","link":"https:\/\/labestiapolitica.com.mx\/?p=40321","title":{"rendered":"\ud83c\udf3d Tetla fortalece al campo con entrega de semilla h\u00edbrida a productores locales \ud83d\ude9c"},"content":{"rendered":"<p class=\"\" style=\"text-align: justify;\" data-start=\"161\" data-end=\"496\">Con el firme compromiso de impulsar el desarrollo del sector agropecuario, el <strong data-start=\"239\" data-end=\"291\">Presidente Municipal, Lic. Giovani Montiel L\u00f3pez<\/strong>, en coordinaci\u00f3n con el <strong data-start=\"316\" data-end=\"355\">Director de Desarrollo Agropecuario<\/strong>, encabez\u00f3 la <strong data-start=\"369\" data-end=\"427\">primera jornada de entrega de vales de semilla h\u00edbrida<\/strong>, realizada en el <strong data-start=\"445\" data-end=\"495\">Auditorio Municipal de Tetla de la Solidaridad<\/strong>.<\/p>\n<p class=\"\" style=\"text-align: justify;\" data-start=\"498\" data-end=\"722\">Este programa tiene como objetivo <strong data-start=\"532\" data-end=\"569\">mejorar la productividad agr\u00edcola<\/strong> en el municipio, brindando a las y los productores insumos de alta calidad que les permitan <strong data-start=\"662\" data-end=\"690\">obtener mejores cosechas<\/strong> y fortalecer la econom\u00eda rural.<\/p>\n<p class=\"\" style=\"text-align: justify;\" data-start=\"724\" data-end=\"925\">El <strong data-start=\"727\" data-end=\"749\">Gobierno Municipal<\/strong> reafirma as\u00ed su compromiso con quienes trabajan la tierra, promoviendo acciones que generan <strong data-start=\"842\" data-end=\"896\">bienestar, desarrollo sostenible y justicia social<\/strong> para las familias del campo.<\/p>\n<p class=\"\" style=\"text-align: justify;\" data-start=\"927\" data-end=\"970\">\ud83c\udf31 \u00a1Sembramos futuro, cosechamos bienestar!<\/p>\n<p class=\"\" style=\"text-align: justify;\" data-start=\"972\" data-end=\"1108\">#GobiernoQueCumpleyGeneraBienestar \u2705<br data-start=\"1008\" data-end=\"1011\" \/>#ImpulsoAlCampo #TetlaDeLaSolidaridad #GiovaniMontiel #ProductoresLocales #DesarrolloAgropecuario<\/p>\n","protected":false},"excerpt":{"rendered":"<p>Con el firme compromiso de impulsar el desarrollo del sector agropecuario, el Presidente Municipal, Lic. Giovani Montiel L\u00f3pez, en coordinaci\u00f3n con el Director de Desarrollo Agropecuario, encabez\u00f3 la primera jornada de entrega de vales de semilla h\u00edbrida, realizada en el Auditorio Municipal de Tetla de la Solidaridad. Este programa tiene como objetivo mejorar la productividad [&hellip;]<\/p>\n","protected":false},"author":3,"featured_media":40322,"comment_status":"open","ping_status":"open","sticky":false,"template":"","format":"standard","meta":{"footnotes":""},"categories":[12],"tags":[],"class_list":["post-40321","post","type-post","status-publish","format-standard","has-post-thumbnail","hentry","category-brujula-2026"],"amp_enabled":true,"_links":{"self":[{"href":"https:\/\/labestiapolitica.com.mx\/index.php?rest_route=\/wp\/v2\/posts\/40321","targetHints":{"allow":["GET"]}}],"collection":[{"href":"https:\/\/labestiapolitica.com.mx\/index.php?rest_route=\/wp\/v2\/posts"}],"about":[{"href":"https:\/\/labestiapolitica.com.mx\/index.php?rest_route=\/wp\/v2\/types\/post"}],"author":[{"embeddable":true,"href":"https:\/\/labestiapolitica.com.mx\/index.php?rest_route=\/wp\/v2\/users\/3"}],"replies":[{"embeddable":true,"href":"https:\/\/labestiapolitica.com.mx\/index.php?rest_route=%2Fwp%2Fv2%2Fcomments&post=40321"}],"version-history":[{"count":1,"href":"https:\/\/labestiapolitica.com.mx\/index.php?rest_route=\/wp\/v2\/posts\/40321\/revisions"}],"predecessor-version":[{"id":40323,"href":"https:\/\/labestiapolitica.com.mx\/index.php?rest_route=\/wp\/v2\/posts\/40321\/revisions\/40323"}],"wp:featuredmedia":[{"embeddable":true,"href":"https:\/\/labestiapolitica.com.mx\/index.php?rest_route=\/wp\/v2\/media\/40322"}],"wp:attachment":[{"href":"https:\/\/labestiapolitica.com.mx\/index.php?rest_route=%2Fwp%2Fv2%2Fmedia&parent=40321"}],"wp:term":[{"taxonomy":"category","embeddable":true,"href":"https:\/\/labestiapolitica.com.mx\/index.php?rest_route=%2Fwp%2Fv2%2Fcategories&post=40321"},{"taxonomy":"post_tag","embeddable":true,"href":"https:\/\/labestiapolitica.com.mx\/index.php?rest_route=%2Fwp%2Fv2%2Ftags&post=40321"}],"curies":[{"name":"wp","href":"https:\/\/api.w.org\/{rel}","templated":true}]}}