{"id":40337,"date":"2025-04-21T08:54:36","date_gmt":"2025-04-21T14:54:36","guid":{"rendered":"https:\/\/labestiapolitica.com.mx\/?p=40337"},"modified":"2025-04-22T10:19:42","modified_gmt":"2025-04-22T16:19:42","slug":"%f0%9f%90%98-el-arca-tlaxcala-en-llamas-el-fuego-que-alcanzo-al-gobierno-estatal","status":"publish","type":"post","link":"https:\/\/labestiapolitica.com.mx\/?p=40337","title":{"rendered":"\ud83d\udc18 El Arca Tlaxcala en llamas: el fuego que alcanz\u00f3 al gobierno estatal"},"content":{"rendered":"<p style=\"text-align: justify;\">El incendio que devor\u00f3 el oriente de Tlaxcala no solo carboniz\u00f3 hect\u00e1reas de bosque. Tambi\u00e9n expuso, sin filtro ni propaganda que lo cubra, a un gobierno estatal que lleva meses caminando sobre brasas. Esta vez, el fuego no perdon\u00f3: se col\u00f3 hasta los pasillos del poder, dej\u00f3 al descubierto su torpeza operativa y su desconexi\u00f3n con el pueblo que dice representar.<\/p>\n<p style=\"text-align: justify;\">En medio del caos ambiental, lo \u00fanico que se incendi\u00f3 con m\u00e1s rapidez que los \u00e1rboles fue la paciencia ciudadana. Mientras la gente luchaba con palas, cubetas y coraje, el gobierno de Lorena Cu\u00e9llar respond\u00eda con lo de siempre: tardanza, mensajes tibios, y una foto editada que nadie pidi\u00f3. La tragedia ten\u00eda rostro, nombre y geograf\u00eda, pero la respuesta oficial lleg\u00f3 tarde y con los ojos vendados.<\/p>\n<p style=\"text-align: justify;\">\u00bfDe qu\u00e9 sirvieron las \u201cBlindadas del Bienestar\u201d si ni siquiera se usaron para llevar ayuda? \u00bfDe qu\u00e9 sirve un gobierno que no aparece cuando m\u00e1s se le necesita? El operativo fue desordenado, la reacci\u00f3n institucional fue un desfile de improvisaciones, y cuando por fin la mandataria asom\u00f3 la cara, lo hizo solo para la foto\u2026 esa que encendi\u00f3 a\u00fan m\u00e1s el \u00e1nimo de un pueblo que ya no tolera m\u00e1s indiferencia.<\/p>\n<p style=\"text-align: justify;\">Y mientras la mandataria evaluaba los da\u00f1os desde la comodidad de su gabinete, quien s\u00ed actu\u00f3 fue alguien que ni cargo tiene: el cantante Carlos Rivera. Lleg\u00f3, ayud\u00f3, organiz\u00f3, visibiliz\u00f3. No necesit\u00f3 escoltas ni protocolo, solo voluntad. En el Tlaxcala de hoy, el liderazgo no lo ostenta quien gobierna, sino quien se atreve a estar donde duele.<\/p>\n<p style=\"text-align: justify;\">Las redes sociales no perdonaron. Pero esta vez no se trat\u00f3 de troles ni perfiles inventados. Fue la ciudadan\u00eda la que tom\u00f3 la palabra. Videos, fotos, testimonios\u2026 todo apuntaba a lo mismo: el abandono. Para rematar, el video oficial de la gobernadora lleg\u00f3 sin fuerza ni credibilidad. Nadie le crey\u00f3, nadie se conmovi\u00f3. Las im\u00e1genes parec\u00edan sacadas de un set de grabaci\u00f3n, no de un frente de batalla.<\/p>\n<p style=\"text-align: justify;\">Pero el problema no termina ah\u00ed. Lo que arde en Tlaxcala no es solo el bosque: arde la legitimidad de un gobierno saturado de for\u00e1neos que ni conocen, ni entienden, ni sienten esta tierra. Basta leer la carta p\u00fablica que circula en redes: una lista completa de nombres, cargos y estados de origen que confirma lo que muchos tem\u00edan. La administraci\u00f3n de Lorena Cu\u00e9llar ha sido colonizada por improvisados sin arraigo, sin compromiso y, sobre todo, sin resultados.<\/p>\n<p style=\"text-align: justify;\">Mientras tanto, el alcalde capitalino, Alfonso S\u00e1nchez Jr., intenta jugar al visionario proponiendo un fondo estatal para desastres\u2026 olvidando que su propio partido desapareci\u00f3 el FONDEN. \u00bfC\u00ednico? \u00bfIgnorante? \u00bfDesmemoriado? Da igual. La burla fue la misma.<\/p>\n<p style=\"text-align: justify;\">Y si de ausencias hablamos, el silencio de los legisladores morenistas es estruendoso. Ni senadores, ni diputados locales, ni federales, ni una sola voz que acompa\u00f1ara al pueblo en la emergencia. La 4T, que tantas veces se ufan\u00f3 de ser pueblo, esta vez se escondi\u00f3 cuando el pueblo ard\u00eda.<\/p>\n<p style=\"text-align: justify;\">Hoy Tlaxcala no solo enfrenta una tragedia ambiental. Enfrenta una crisis institucional donde el poder est\u00e1 m\u00e1s preocupado por su imagen que por su funci\u00f3n. Y lo peor: pareciera que ni siquiera se dan cuenta.<\/p>\n<p style=\"text-align: justify;\">No, el problema no es la oposici\u00f3n. El incendio no lo provocaron los medios, ni los conservadores, ni los enemigos de la transformaci\u00f3n. El fuego viene desde adentro. Y lo que est\u00e1 quem\u00e1ndose es la \u00faltima chispa de confianza que la gente le quedaba a este gobierno.<\/p>\n<p style=\"text-align: justify;\">Porque esta vez el incendio fue real. Pero lo que duele es saber que tambi\u00e9n se quem\u00f3 la esperanza.<\/p>\n<p>&nbsp;<\/p>\n","protected":false},"excerpt":{"rendered":"<p>El incendio que devor\u00f3 el oriente de Tlaxcala no solo carboniz\u00f3 hect\u00e1reas de bosque. Tambi\u00e9n expuso, sin filtro ni propaganda que lo cubra, a un gobierno estatal que lleva meses caminando sobre brasas. Esta vez, el fuego no perdon\u00f3: se col\u00f3 hasta los pasillos del poder, dej\u00f3 al descubierto su torpeza operativa y su desconexi\u00f3n [&hellip;]<\/p>\n","protected":false},"author":3,"featured_media":39651,"comment_status":"open","ping_status":"open","sticky":false,"template":"","format":"standard","meta":{"footnotes":""},"categories":[6],"tags":[],"class_list":["post-40337","post","type-post","status-publish","format-standard","has-post-thumbnail","hentry","category-opinion"],"amp_enabled":true,"_links":{"self":[{"href":"https:\/\/labestiapolitica.com.mx\/index.php?rest_route=\/wp\/v2\/posts\/40337","targetHints":{"allow":["GET"]}}],"collection":[{"href":"https:\/\/labestiapolitica.com.mx\/index.php?rest_route=\/wp\/v2\/posts"}],"about":[{"href":"https:\/\/labestiapolitica.com.mx\/index.php?rest_route=\/wp\/v2\/types\/post"}],"author":[{"embeddable":true,"href":"https:\/\/labestiapolitica.com.mx\/index.php?rest_route=\/wp\/v2\/users\/3"}],"replies":[{"embeddable":true,"href":"https:\/\/labestiapolitica.com.mx\/index.php?rest_route=%2Fwp%2Fv2%2Fcomments&post=40337"}],"version-history":[{"count":1,"href":"https:\/\/labestiapolitica.com.mx\/index.php?rest_route=\/wp\/v2\/posts\/40337\/revisions"}],"predecessor-version":[{"id":40338,"href":"https:\/\/labestiapolitica.com.mx\/index.php?rest_route=\/wp\/v2\/posts\/40337\/revisions\/40338"}],"wp:featuredmedia":[{"embeddable":true,"href":"https:\/\/labestiapolitica.com.mx\/index.php?rest_route=\/wp\/v2\/media\/39651"}],"wp:attachment":[{"href":"https:\/\/labestiapolitica.com.mx\/index.php?rest_route=%2Fwp%2Fv2%2Fmedia&parent=40337"}],"wp:term":[{"taxonomy":"category","embeddable":true,"href":"https:\/\/labestiapolitica.com.mx\/index.php?rest_route=%2Fwp%2Fv2%2Fcategories&post=40337"},{"taxonomy":"post_tag","embeddable":true,"href":"https:\/\/labestiapolitica.com.mx\/index.php?rest_route=%2Fwp%2Fv2%2Ftags&post=40337"}],"curies":[{"name":"wp","href":"https:\/\/api.w.org\/{rel}","templated":true}]}}