{"id":40352,"date":"2025-04-21T17:37:04","date_gmt":"2025-04-21T23:37:04","guid":{"rendered":"https:\/\/labestiapolitica.com.mx\/?p=40352"},"modified":"2025-04-22T10:19:27","modified_gmt":"2025-04-22T16:19:27","slug":"la-politica-en-tlaxcala-arde-en-redes-incendios-reclamos-y-apoyo-ciudadano-marcan-la-agenda-digital","status":"publish","type":"post","link":"https:\/\/labestiapolitica.com.mx\/?p=40352","title":{"rendered":"La pol\u00edtica en Tlaxcala arde en redes: incendios, reclamos y apoyo ciudadano marcan la agenda digital"},"content":{"rendered":"<p data-start=\"364\" data-end=\"770\"><a href=\"https:\/\/labestiapolitica.com.mx\/wp-content\/uploads\/2025\/04\/EscuchaDigital20Abril.pdf\">EscuchaDigital20Abril<\/a><\/p>\n<p class=\"\" style=\"text-align: justify;\" data-start=\"364\" data-end=\"770\">Fabiola M\u00c1RQUEZ\/ El clima pol\u00edtico en Tlaxcala se encendi\u00f3 tanto como sus bosques. De acuerdo con el <em data-start=\"448\" data-end=\"503\">Reporte de Escucha Digital de la empresa Impulso Mercadol\u00f3gico sobre pol\u00edtica en Tlaxcala<\/em>, correspondiente al periodo del 13 al 20 de abril de 2025, los incendios forestales en Atltzayanca dominaron ampliamente la conversaci\u00f3n en redes sociales, alcanzando el <strong data-start=\"674\" data-end=\"717\">40.48% del total de menciones digitales<\/strong>, muy por encima de otros temas pol\u00edticos del estado.<\/p>\n<p class=\"\" style=\"text-align: justify;\" data-start=\"772\" data-end=\"1173\">Sin embargo, lo que m\u00e1s llam\u00f3 la atenci\u00f3n no fue solo el desastre natural, sino <strong data-start=\"852\" data-end=\"908\">la reacci\u00f3n ciudadana ante la respuesta del gobierno<\/strong>, particularmente de la gobernadora Lorena Cu\u00e9llar Cisneros, quien fue <strong data-start=\"979\" data-end=\"1021\">encarada por pobladores de Atltzayanca<\/strong> tras el incendio en el cerro San Gabriel, lo que represent\u00f3 <strong data-start=\"1082\" data-end=\"1117\">el 32.82% de las conversaciones<\/strong> analizadas por las herramientas Brandwatch y Hootsuite.<\/p>\n<h3 class=\"\" style=\"text-align: justify;\" data-start=\"1175\" data-end=\"1220\">El sentimiento digital: cr\u00edtica encendida.<\/h3>\n<p class=\"\" style=\"text-align: justify;\" data-start=\"1222\" data-end=\"1710\">El an\u00e1lisis de sentimientos revela una tendencia <strong data-start=\"1271\" data-end=\"1293\">altamente negativa<\/strong> hacia la respuesta institucional. En el caso espec\u00edfico del reclamo a la gobernadora, <strong data-start=\"1380\" data-end=\"1426\">el 90% de los comentarios fueron negativos<\/strong>, y solo un 1% mostraron aprobaci\u00f3n. En contraste, cuando el cantante tlaxcalteca <strong data-start=\"1508\" data-end=\"1582\">Carlos Rivera expres\u00f3 su solidaridad con las v\u00edctimas de los incendios<\/strong>, la recepci\u00f3n fue abrumadoramente positiva: <strong data-start=\"1627\" data-end=\"1658\">95% de opiniones favorables<\/strong>, lo que confirma su influencia como figura p\u00fablica.<\/p>\n<p class=\"\" style=\"text-align: justify;\" data-start=\"1712\" data-end=\"1975\">La propia gobernadora intent\u00f3 retomar la narrativa mediante un mensaje de contingencia ambiental, pero solo logr\u00f3 una mezcla de <strong data-start=\"1840\" data-end=\"1872\">44% de comentarios negativos<\/strong>, 39% neutrales y apenas un <strong data-start=\"1900\" data-end=\"1917\">17% positivos<\/strong>, reflejando el escepticismo ciudadano hacia sus acciones.<\/p>\n<h3 class=\"\" style=\"text-align: justify;\" data-start=\"1977\" data-end=\"2016\">La oposici\u00f3n tambi\u00e9n entra al fuego.<\/h3>\n<p class=\"\" style=\"text-align: justify;\" data-start=\"2018\" data-end=\"2359\">En medio del desastre, la diputada local <strong data-start=\"2059\" data-end=\"2086\">Miriam Mart\u00ednez S\u00e1nchez<\/strong> y el presidente estatal del PAN <strong data-start=\"2119\" data-end=\"2172\">aprovecharon para presentarse en la zona afectada<\/strong>, gesto que fue interpretado de manera m\u00e1s favorable. Aunque con menor volumen de menciones (8.32%), su aparici\u00f3n fue <strong data-start=\"2290\" data-end=\"2326\">valorada positivamente en un 59%<\/strong> de las conversaciones digitales. En grupos la acci\u00f3n fue calificada como oportunismo por parte delPAN.<\/p>\n<h3 class=\"\" style=\"text-align: justify;\" data-start=\"2361\" data-end=\"2381\">Otras tendencias.<\/h3>\n<p class=\"\" style=\"text-align: justify;\" data-start=\"2383\" data-end=\"2445\">M\u00e1s all\u00e1 del incendio, otros temas ocuparon la agenda digital:<\/p>\n<ul style=\"text-align: justify;\" data-start=\"2446\" data-end=\"2777\">\n<li class=\"\" data-start=\"2446\" data-end=\"2554\">\n<p class=\"\" style=\"text-align: justify;\" data-start=\"2448\" data-end=\"2554\">Las actividades de <strong data-start=\"2467\" data-end=\"2498\">Semana Santa en Chiautempan<\/strong> (2.63% de menciones), con un 83% de recepci\u00f3n positiva.<\/p>\n<\/li>\n<li class=\"\" data-start=\"2555\" data-end=\"2690\">\n<p class=\"\" data-start=\"2557\" data-end=\"2690\">La activaci\u00f3n de un protocolo de seguridad en <strong data-start=\"2603\" data-end=\"2649\">Tenancingo tras un intento de linchamiento<\/strong> (2.41%), donde el sentimiento fue mixto.<\/p>\n<\/li>\n<li class=\"\" data-start=\"2691\" data-end=\"2777\">\n<p class=\"\" data-start=\"2693\" data-end=\"2777\">Y el <strong data-start=\"2698\" data-end=\"2741\">S\u00e1bado de Gloria en balnearios y presas<\/strong>, con un notable 1.97% de menciones.<\/p>\n<\/li>\n<\/ul>\n<h3 class=\"\" style=\"text-align: justify;\" data-start=\"2779\" data-end=\"2805\">Reacciones y viralidad<\/h3>\n<p class=\"\" style=\"text-align: justify;\" data-start=\"2807\" data-end=\"3160\">El reporte tambi\u00e9n midi\u00f3 el tipo de reacciones que generaron los temas. El contenido m\u00e1s viral fue el enfrentamiento entre los pobladores de Atltzayanca y la gobernadora, con <strong data-start=\"2982\" data-end=\"3039\">m\u00e1s de 98 mil reacciones de tristeza, enojo y asombro<\/strong>. Por su parte, el apoyo de Carlos Rivera acumul\u00f3 <strong data-start=\"3089\" data-end=\"3127\">m\u00e1s de 98 mil reacciones positivas<\/strong>, con miles de \u201clikes\u201d y \u201cloves\u201d.<\/p>\n<p class=\"\" style=\"text-align: justify;\" data-start=\"3162\" data-end=\"3395\">En comparaci\u00f3n, el mensaje oficial de la gobernadora sobre la contingencia ambiental solo alcanz\u00f3 <strong data-start=\"3260\" data-end=\"3281\">19 mil reacciones<\/strong>, muchas de ellas cr\u00edticas, lo que refleja el bajo impacto de su comunicaci\u00f3n institucional en momentos de crisis.<\/p>\n<hr class=\"\" data-start=\"3397\" data-end=\"3400\" \/>\n<h3 class=\"\" style=\"text-align: justify;\" data-start=\"3402\" data-end=\"3416\">Conclusi\u00f3n<\/h3>\n<p class=\"\" style=\"text-align: justify;\" data-start=\"3418\" data-end=\"3712\">El term\u00f3metro digital no miente: Tlaxcala arde no solo por las llamas, sino por el hartazgo ciudadano ante la gesti\u00f3n de emergencias. Mientras la clase pol\u00edtica oficial enfrenta rechazo, figuras p\u00fablicas como Carlos Rivera y acciones oportunas de la oposici\u00f3n logran conectar con la ciudadan\u00eda.<\/p>\n<p class=\"\" style=\"text-align: justify;\" data-start=\"3714\" data-end=\"3874\">El reto para el gobierno de Cu\u00e9llar Cisneros es claro: <strong data-start=\"3769\" data-end=\"3874\">reconstruir credibilidad antes de que el descontento digital se transforme en desgaste pol\u00edtico real.<\/strong><\/p>\n<p data-start=\"3714\" data-end=\"3874\"><img loading=\"lazy\" decoding=\"async\" class=\"alignnone size-full wp-image-40357\" src=\"https:\/\/labestiapolitica.com.mx\/wp-content\/uploads\/2025\/04\/Proyecto-nuevo-5-1.jpg\" alt=\"\" width=\"1000\" height=\"600\" srcset=\"https:\/\/labestiapolitica.com.mx\/wp-content\/uploads\/2025\/04\/Proyecto-nuevo-5-1.jpg 1000w, https:\/\/labestiapolitica.com.mx\/wp-content\/uploads\/2025\/04\/Proyecto-nuevo-5-1-300x180.jpg 300w, https:\/\/labestiapolitica.com.mx\/wp-content\/uploads\/2025\/04\/Proyecto-nuevo-5-1-768x461.jpg 768w\" sizes=\"auto, (max-width: 1000px) 100vw, 1000px\" \/><\/p>\n<p data-start=\"3714\" data-end=\"3874\"><img loading=\"lazy\" decoding=\"async\" class=\"alignnone size-full wp-image-40358\" src=\"https:\/\/labestiapolitica.com.mx\/wp-content\/uploads\/2025\/04\/Proyecto-nuevo-4-1.jpg\" alt=\"\" width=\"1000\" height=\"600\" srcset=\"https:\/\/labestiapolitica.com.mx\/wp-content\/uploads\/2025\/04\/Proyecto-nuevo-4-1.jpg 1000w, https:\/\/labestiapolitica.com.mx\/wp-content\/uploads\/2025\/04\/Proyecto-nuevo-4-1-300x180.jpg 300w, https:\/\/labestiapolitica.com.mx\/wp-content\/uploads\/2025\/04\/Proyecto-nuevo-4-1-768x461.jpg 768w\" sizes=\"auto, (max-width: 1000px) 100vw, 1000px\" \/><img loading=\"lazy\" decoding=\"async\" class=\"alignnone size-full wp-image-40359\" src=\"https:\/\/labestiapolitica.com.mx\/wp-content\/uploads\/2025\/04\/Proyecto-nuevo-2-1.jpg\" alt=\"\" width=\"1000\" height=\"600\" srcset=\"https:\/\/labestiapolitica.com.mx\/wp-content\/uploads\/2025\/04\/Proyecto-nuevo-2-1.jpg 1000w, https:\/\/labestiapolitica.com.mx\/wp-content\/uploads\/2025\/04\/Proyecto-nuevo-2-1-300x180.jpg 300w, https:\/\/labestiapolitica.com.mx\/wp-content\/uploads\/2025\/04\/Proyecto-nuevo-2-1-768x461.jpg 768w\" sizes=\"auto, (max-width: 1000px) 100vw, 1000px\" \/><\/p>\n<p data-start=\"3714\" data-end=\"3874\"><img loading=\"lazy\" decoding=\"async\" class=\"alignnone size-full wp-image-40361\" src=\"https:\/\/labestiapolitica.com.mx\/wp-content\/uploads\/2025\/04\/Proyecto-nuevo-1-1.jpg\" alt=\"\" width=\"1000\" height=\"600\" srcset=\"https:\/\/labestiapolitica.com.mx\/wp-content\/uploads\/2025\/04\/Proyecto-nuevo-1-1.jpg 1000w, https:\/\/labestiapolitica.com.mx\/wp-content\/uploads\/2025\/04\/Proyecto-nuevo-1-1-300x180.jpg 300w, https:\/\/labestiapolitica.com.mx\/wp-content\/uploads\/2025\/04\/Proyecto-nuevo-1-1-768x461.jpg 768w\" sizes=\"auto, (max-width: 1000px) 100vw, 1000px\" \/><\/p>\n","protected":false},"excerpt":{"rendered":"<p>EscuchaDigital20Abril Fabiola M\u00c1RQUEZ\/ El clima pol\u00edtico en Tlaxcala se encendi\u00f3 tanto como sus bosques. De acuerdo con el Reporte de Escucha Digital de la empresa Impulso Mercadol\u00f3gico sobre pol\u00edtica en Tlaxcala, correspondiente al periodo del 13 al 20 de abril de 2025, los incendios forestales en Atltzayanca dominaron ampliamente la conversaci\u00f3n en redes sociales, alcanzando [&hellip;]<\/p>\n","protected":false},"author":3,"featured_media":40354,"comment_status":"open","ping_status":"open","sticky":false,"template":"","format":"standard","meta":{"footnotes":""},"categories":[12],"tags":[],"class_list":["post-40352","post","type-post","status-publish","format-standard","has-post-thumbnail","hentry","category-brujula-2026"],"amp_enabled":true,"_links":{"self":[{"href":"https:\/\/labestiapolitica.com.mx\/index.php?rest_route=\/wp\/v2\/posts\/40352","targetHints":{"allow":["GET"]}}],"collection":[{"href":"https:\/\/labestiapolitica.com.mx\/index.php?rest_route=\/wp\/v2\/posts"}],"about":[{"href":"https:\/\/labestiapolitica.com.mx\/index.php?rest_route=\/wp\/v2\/types\/post"}],"author":[{"embeddable":true,"href":"https:\/\/labestiapolitica.com.mx\/index.php?rest_route=\/wp\/v2\/users\/3"}],"replies":[{"embeddable":true,"href":"https:\/\/labestiapolitica.com.mx\/index.php?rest_route=%2Fwp%2Fv2%2Fcomments&post=40352"}],"version-history":[{"count":4,"href":"https:\/\/labestiapolitica.com.mx\/index.php?rest_route=\/wp\/v2\/posts\/40352\/revisions"}],"predecessor-version":[{"id":40363,"href":"https:\/\/labestiapolitica.com.mx\/index.php?rest_route=\/wp\/v2\/posts\/40352\/revisions\/40363"}],"wp:featuredmedia":[{"embeddable":true,"href":"https:\/\/labestiapolitica.com.mx\/index.php?rest_route=\/wp\/v2\/media\/40354"}],"wp:attachment":[{"href":"https:\/\/labestiapolitica.com.mx\/index.php?rest_route=%2Fwp%2Fv2%2Fmedia&parent=40352"}],"wp:term":[{"taxonomy":"category","embeddable":true,"href":"https:\/\/labestiapolitica.com.mx\/index.php?rest_route=%2Fwp%2Fv2%2Fcategories&post=40352"},{"taxonomy":"post_tag","embeddable":true,"href":"https:\/\/labestiapolitica.com.mx\/index.php?rest_route=%2Fwp%2Fv2%2Ftags&post=40352"}],"curies":[{"name":"wp","href":"https:\/\/api.w.org\/{rel}","templated":true}]}}