{"id":40373,"date":"2025-04-21T22:22:12","date_gmt":"2025-04-22T04:22:12","guid":{"rendered":"https:\/\/labestiapolitica.com.mx\/?p=40373"},"modified":"2025-04-21T22:22:17","modified_gmt":"2025-04-22T04:22:17","slug":"tlaxcala-fortalece-el-derecho-a-una-maternidad-digna-con-la-inauguracion-de-sala-de-lactancia-en-el-dif-municipal","status":"publish","type":"post","link":"https:\/\/labestiapolitica.com.mx\/?p=40373","title":{"rendered":"Tlaxcala fortalece el derecho a una maternidad digna con la inauguraci\u00f3n de sala de lactancia en el DIF Municipal."},"content":{"rendered":"<ul>\n<li style=\"text-align: justify;\">Este espacio forma parte del programa estatal \u00abLactarios, el inicio de nuestras vidas\u201d y brindar\u00e1 sus servicios a 200 mujeres mensualmente, mencion\u00f3 el alcalde Alfonso S\u00e1nchez Garc\u00eda durante la inauguraci\u00f3n<\/li>\n<\/ul>\n<p style=\"text-align: justify;\">Como parte de las acciones para garantizar el bienestar de las mujeres y la infancia en el municipio de Tlaxcala, fue inaugurada la nueva sala de lactancia materna en las instalaciones del Sistema Municipal DIF, un espacio dise\u00f1ado para atender a madres en etapa de lactancia, tanto trabajadoras como ciudadanas que acuden a realizar tr\u00e1mites o recibir servicios.<\/p>\n<p style=\"text-align: justify;\">El evento fue encabezado por el presidente municipal, Alfonso S\u00e1nchez Garc\u00eda, y la presidenta honor\u00edfica del Sistema Estatal DIF, Mariana Espinosa de los Monteros Cu\u00e9llar, quienes destacaron el esfuerzo interinstitucional para hacer realidad este proyecto que forma parte del programa estatal \u201cLactarios, el inicio de nuestras vidas\u201d.<\/p>\n<p style=\"text-align: justify;\">Durante su intervenci\u00f3n, el alcalde reconoci\u00f3 el respaldo del SEDIF y del Gobierno Estatal para la instalaci\u00f3n de estos espacios, que tienen el prop\u00f3sito de ayudar a las mujeres trabajadoras y a las madres que visitan las instalaciones del SEMDIF, garantizando su derecho al bienestar y a una maternidad con dignidad.<\/p>\n<p style=\"text-align: justify;\">\u00abSe espera que esta sala brinde servicio a m\u00e1s de 200 mujeres cada mes, y forme parte de una red creciente de espacios seguros para la lactancia, en congruencia con el compromiso nacional e internacional por una infancia sana y protegida\u00bb, expres\u00f3 el edil en su mensaje.<\/p>\n<p style=\"text-align: justify;\">Por su parte, la presidenta honor\u00edfica del DIF estatal se\u00f1al\u00f3:<br \/>\n\u201cEste proyecto no solo proporciona un espacio f\u00edsico para que las mam\u00e1s alimenten a sus beb\u00e9s con amor. La finalidad de este programa es clave para reforzar esos lazos que duran toda la vida entre una mam\u00e1 y sus hijas e hijos.\u201d<\/p>\n<p style=\"text-align: justify;\">El lactario est\u00e1 ubicado en las instalaciones del Sistema Municipal DIF, que se encuentra ubicado en la Calle 1 No. 399, de la Loma Xicoht\u00e9ncatl, y cuenta con las condiciones necesarias de privacidad, higiene y comodidad para promover la lactancia materna como un derecho universal.<\/p>\n<p style=\"text-align: justify;\">El evento inaugural tambi\u00e9n cont\u00f3 con la presencia de la directora general del SEDIF Tlaxcala, Flor de Mar\u00eda L\u00f3pez Hinojosa; el coordinador del CRIAT, Carlos Stefano Galindo Nohpal; la directora de Atenci\u00f3n a la Salud y Discapacidad, Rosalba Reyes Ilhuicatzi; la s\u00edndica municipal, Ivonne Hern\u00e1ndez Blancas, y la directora del DIF municipal, M\u00f3nica Jim\u00e9nez Ram\u00edrez, as\u00ed como integrantes del cuerpo edilicio y personal del Sistema DIF.<\/p>\n<p>&nbsp;<\/p>\n<p><img loading=\"lazy\" decoding=\"async\" class=\"alignnone size-full wp-image-28405\" src=\"https:\/\/labestiapolitica.com.mx\/wp-content\/uploads\/2024\/06\/U-NOVA-y-se-diferente.png\" alt=\"\" width=\"1000\" height=\"600\" srcset=\"https:\/\/labestiapolitica.com.mx\/wp-content\/uploads\/2024\/06\/U-NOVA-y-se-diferente.png 1000w, https:\/\/labestiapolitica.com.mx\/wp-content\/uploads\/2024\/06\/U-NOVA-y-se-diferente-300x180.png 300w, https:\/\/labestiapolitica.com.mx\/wp-content\/uploads\/2024\/06\/U-NOVA-y-se-diferente-768x461.png 768w\" sizes=\"auto, (max-width: 1000px) 100vw, 1000px\" \/><\/p>\n","protected":false},"excerpt":{"rendered":"<p>Este espacio forma parte del programa estatal \u00abLactarios, el inicio de nuestras vidas\u201d y brindar\u00e1 sus servicios a 200 mujeres mensualmente, mencion\u00f3 el alcalde Alfonso S\u00e1nchez Garc\u00eda durante la inauguraci\u00f3n Como parte de las acciones para garantizar el bienestar de las mujeres y la infancia en el municipio de Tlaxcala, fue inaugurada la nueva sala [&hellip;]<\/p>\n","protected":false},"author":3,"featured_media":40374,"comment_status":"open","ping_status":"open","sticky":false,"template":"","format":"standard","meta":{"footnotes":""},"categories":[7,216,214],"tags":[],"class_list":["post-40373","post","type-post","status-publish","format-standard","has-post-thumbnail","hentry","category-ciudadanos","category-municipios","category-tlaxcala-capital"],"amp_enabled":true,"_links":{"self":[{"href":"https:\/\/labestiapolitica.com.mx\/index.php?rest_route=\/wp\/v2\/posts\/40373","targetHints":{"allow":["GET"]}}],"collection":[{"href":"https:\/\/labestiapolitica.com.mx\/index.php?rest_route=\/wp\/v2\/posts"}],"about":[{"href":"https:\/\/labestiapolitica.com.mx\/index.php?rest_route=\/wp\/v2\/types\/post"}],"author":[{"embeddable":true,"href":"https:\/\/labestiapolitica.com.mx\/index.php?rest_route=\/wp\/v2\/users\/3"}],"replies":[{"embeddable":true,"href":"https:\/\/labestiapolitica.com.mx\/index.php?rest_route=%2Fwp%2Fv2%2Fcomments&post=40373"}],"version-history":[{"count":1,"href":"https:\/\/labestiapolitica.com.mx\/index.php?rest_route=\/wp\/v2\/posts\/40373\/revisions"}],"predecessor-version":[{"id":40375,"href":"https:\/\/labestiapolitica.com.mx\/index.php?rest_route=\/wp\/v2\/posts\/40373\/revisions\/40375"}],"wp:featuredmedia":[{"embeddable":true,"href":"https:\/\/labestiapolitica.com.mx\/index.php?rest_route=\/wp\/v2\/media\/40374"}],"wp:attachment":[{"href":"https:\/\/labestiapolitica.com.mx\/index.php?rest_route=%2Fwp%2Fv2%2Fmedia&parent=40373"}],"wp:term":[{"taxonomy":"category","embeddable":true,"href":"https:\/\/labestiapolitica.com.mx\/index.php?rest_route=%2Fwp%2Fv2%2Fcategories&post=40373"},{"taxonomy":"post_tag","embeddable":true,"href":"https:\/\/labestiapolitica.com.mx\/index.php?rest_route=%2Fwp%2Fv2%2Ftags&post=40373"}],"curies":[{"name":"wp","href":"https:\/\/api.w.org\/{rel}","templated":true}]}}