{"id":40376,"date":"2025-04-21T22:25:03","date_gmt":"2025-04-22T04:25:03","guid":{"rendered":"https:\/\/labestiapolitica.com.mx\/?p=40376"},"modified":"2025-04-21T22:25:03","modified_gmt":"2025-04-22T04:25:03","slug":"reporta-gobierno-de-apizaco-saldo-blanco-durante-operativo-de-semana-santa","status":"publish","type":"post","link":"https:\/\/labestiapolitica.com.mx\/?p=40376","title":{"rendered":"Reporta Gobierno de Apizaco saldo blanco durante operativo de Semana Santa."},"content":{"rendered":"<p style=\"text-align: justify;\" align=\"justify\"><span style=\"font-size: 12pt;\">El <b>Gobierno Municipal de Apizaco, encabezado por el presidente Javier Rivera Bonilla, <\/b>informa que se obtuvo saldo blanco durante las actividades correspondientes al periodo de Semana Santa, gracias al esfuerzo conjunto de la <b>Direcci\u00f3n de Seguridad P\u00fablica, Vialidad y Transporte, as\u00ed como de Protecci\u00f3n Civil<\/b>. <\/span><\/p>\n<p style=\"text-align: justify;\" align=\"justify\"><span style=\"font-size: 12pt;\">Las celebraciones religiosas se desarrollaron en un ambiente de tranquilidad, sin afectaciones a la paz social. Para ello, elementos de la Polic\u00eda Municipal realizaron patrullajes preventivos que contribuyeron a mantener el orden en espacios p\u00fablicos. <\/span><\/p>\n<p style=\"text-align: justify;\" align=\"justify\"><span style=\"font-size: 12pt;\">El operativo contempl\u00f3 acciones orientadas a proteger la integridad de habitantes, turistas y visitantes, adem\u00e1s de mitigar riesgos asociados a la alta concentraci\u00f3n de personas y las actividades propias de la temporada. <\/span><\/p>\n<p style=\"text-align: justify;\" align=\"justify\"><span style=\"font-size: 12pt;\">Estas medidas resultaron clave para preservar condiciones de seguridad y evitar situaciones delictivas.<\/span><\/p>\n<p style=\"text-align: justify;\" align=\"justify\"><span style=\"font-size: 12pt;\">La administraci\u00f3n municipal reconoce la colaboraci\u00f3n de la ciudadan\u00eda y refrenda su compromiso de continuar fortaleciendo mecanismos de prevenci\u00f3n que protejan a la poblaci\u00f3n en cada evento de relevancia comunitaria.\u00a0<\/span><\/p>\n<p align=\"justify\">\n<p align=\"justify\"><img loading=\"lazy\" decoding=\"async\" class=\"alignnone size-full wp-image-28405\" src=\"https:\/\/labestiapolitica.com.mx\/wp-content\/uploads\/2024\/06\/U-NOVA-y-se-diferente.png\" alt=\"\" width=\"1000\" height=\"600\" srcset=\"https:\/\/labestiapolitica.com.mx\/wp-content\/uploads\/2024\/06\/U-NOVA-y-se-diferente.png 1000w, https:\/\/labestiapolitica.com.mx\/wp-content\/uploads\/2024\/06\/U-NOVA-y-se-diferente-300x180.png 300w, https:\/\/labestiapolitica.com.mx\/wp-content\/uploads\/2024\/06\/U-NOVA-y-se-diferente-768x461.png 768w\" sizes=\"auto, (max-width: 1000px) 100vw, 1000px\" \/><\/p>\n","protected":false},"excerpt":{"rendered":"<p>El Gobierno Municipal de Apizaco, encabezado por el presidente Javier Rivera Bonilla, informa que se obtuvo saldo blanco durante las actividades correspondientes al periodo de Semana Santa, gracias al esfuerzo conjunto de la Direcci\u00f3n de Seguridad P\u00fablica, Vialidad y Transporte, as\u00ed como de Protecci\u00f3n Civil. Las celebraciones religiosas se desarrollaron en un ambiente de tranquilidad, [&hellip;]<\/p>\n","protected":false},"author":3,"featured_media":40377,"comment_status":"open","ping_status":"open","sticky":false,"template":"","format":"standard","meta":{"footnotes":""},"categories":[226,12,216],"tags":[],"class_list":["post-40376","post","type-post","status-publish","format-standard","has-post-thumbnail","hentry","category-apizaco","category-brujula-2026","category-municipios"],"amp_enabled":true,"_links":{"self":[{"href":"https:\/\/labestiapolitica.com.mx\/index.php?rest_route=\/wp\/v2\/posts\/40376","targetHints":{"allow":["GET"]}}],"collection":[{"href":"https:\/\/labestiapolitica.com.mx\/index.php?rest_route=\/wp\/v2\/posts"}],"about":[{"href":"https:\/\/labestiapolitica.com.mx\/index.php?rest_route=\/wp\/v2\/types\/post"}],"author":[{"embeddable":true,"href":"https:\/\/labestiapolitica.com.mx\/index.php?rest_route=\/wp\/v2\/users\/3"}],"replies":[{"embeddable":true,"href":"https:\/\/labestiapolitica.com.mx\/index.php?rest_route=%2Fwp%2Fv2%2Fcomments&post=40376"}],"version-history":[{"count":1,"href":"https:\/\/labestiapolitica.com.mx\/index.php?rest_route=\/wp\/v2\/posts\/40376\/revisions"}],"predecessor-version":[{"id":40378,"href":"https:\/\/labestiapolitica.com.mx\/index.php?rest_route=\/wp\/v2\/posts\/40376\/revisions\/40378"}],"wp:featuredmedia":[{"embeddable":true,"href":"https:\/\/labestiapolitica.com.mx\/index.php?rest_route=\/wp\/v2\/media\/40377"}],"wp:attachment":[{"href":"https:\/\/labestiapolitica.com.mx\/index.php?rest_route=%2Fwp%2Fv2%2Fmedia&parent=40376"}],"wp:term":[{"taxonomy":"category","embeddable":true,"href":"https:\/\/labestiapolitica.com.mx\/index.php?rest_route=%2Fwp%2Fv2%2Fcategories&post=40376"},{"taxonomy":"post_tag","embeddable":true,"href":"https:\/\/labestiapolitica.com.mx\/index.php?rest_route=%2Fwp%2Fv2%2Ftags&post=40376"}],"curies":[{"name":"wp","href":"https:\/\/api.w.org\/{rel}","templated":true}]}}