{"id":40664,"date":"2025-04-03T12:20:10","date_gmt":"2025-04-03T18:20:10","guid":{"rendered":"https:\/\/labestiapolitica.com.mx\/?p=40664"},"modified":"2025-04-24T12:21:59","modified_gmt":"2025-04-24T18:21:59","slug":"%e2%98%80%ef%b8%8f-energia-que-transforma-xaltocan-apuesta-por-el-bienestar-y-el-medio-ambiente","status":"publish","type":"post","link":"https:\/\/labestiapolitica.com.mx\/?p=40664","title":{"rendered":"\u2600\ufe0f Energ\u00eda que transforma: Xaltocan apuesta por el bienestar y el medio ambiente"},"content":{"rendered":"<article class=\"text-token-text-primary w-full\" dir=\"auto\" data-testid=\"conversation-turn-27\" data-scroll-anchor=\"false\">\n<div class=\"text-base my-auto mx-auto py-5 [--thread-content-margin:--spacing(4)] @[37rem]:[--thread-content-margin:--spacing(6)] @[70rem]:[--thread-content-margin:--spacing(12)] px-(--thread-content-margin)\">\n<div class=\"[--thread-content-max-width:32rem] @[34rem]:[--thread-content-max-width:40rem] @[64rem]:[--thread-content-max-width:48rem] mx-auto flex max-w-(--thread-content-max-width) flex-1 text-base gap-4 md:gap-5 lg:gap-6 group\/turn-messages focus-visible:outline-hidden\" tabindex=\"-1\">\n<div class=\"group\/conversation-turn relative flex w-full min-w-0 flex-col\">\n<div class=\"relative flex-col gap-1 md:gap-3\">\n<div class=\"flex max-w-full flex-col grow\">\n<div class=\"min-h-8 text-message relative flex w-full flex-col items-end gap-2 text-start break-words whitespace-normal [.text-message+&amp;]:mt-5\" dir=\"auto\" data-message-author-role=\"user\" data-message-id=\"adf26391-34e2-4156-b613-d4dfe690b364\">\n<div class=\"flex w-full flex-col gap-1 empty:hidden items-end rtl:items-start\">\n<div class=\"relative max-w-[var(--user-chat-width,70%)] bg-token-message-surface rounded-3xl px-5 py-2.5\"><\/div>\n<\/div>\n<\/div>\n<\/div>\n<\/div>\n<\/div>\n<\/div>\n<\/div>\n<\/article>\n<article class=\"text-token-text-primary w-full\" dir=\"auto\" data-testid=\"conversation-turn-28\" data-scroll-anchor=\"true\">\n<h6><span style=\"font-size: 14pt;\">\u00a1El Dr. Jos\u00e9 Luis Hern\u00e1ndez V\u00e1zquez cumple con Xaltocan! \u2600\ufe0f\ud83c\udfe1 <\/span><\/h6>\n<h6 class=\"sr-only\" style=\"text-align: justify;\"><span style=\"font-size: 16px;\">\u00a1Cuando el compromiso se traduce en acciones concretas, los resultados se sienten en cada hogar! El presidente municipal <\/span><strong style=\"font-size: 16px;\" data-start=\"207\" data-end=\"242\">Dr. Jos\u00e9 Luis Hern\u00e1ndez V\u00e1zquez<\/strong><span style=\"font-size: 16px;\">, en coordinaci\u00f3n con el <\/span><strong style=\"font-size: 16px;\" data-start=\"267\" data-end=\"298\">H. Ayuntamiento de Xaltocan<\/strong><span style=\"font-size: 16px;\">, realiz\u00f3 la entrega de <\/span><strong style=\"font-size: 16px;\" data-start=\"322\" data-end=\"359\">calentadores solares a bajo costo<\/strong><span style=\"font-size: 16px;\">, beneficiando a decenas de familias que hoy cuentan con una soluci\u00f3n sostenible y eficiente para el uso diario de energ\u00eda.<\/span><\/h6>\n<div class=\"text-base my-auto mx-auto py-5 [--thread-content-margin:--spacing(4)] @[37rem]:[--thread-content-margin:--spacing(6)] @[70rem]:[--thread-content-margin:--spacing(12)] px-(--thread-content-margin)\">\n<div class=\"[--thread-content-max-width:32rem] @[34rem]:[--thread-content-max-width:40rem] @[64rem]:[--thread-content-max-width:48rem] mx-auto flex max-w-(--thread-content-max-width) flex-1 text-base gap-4 md:gap-5 lg:gap-6 group\/turn-messages focus-visible:outline-hidden\" tabindex=\"-1\">\n<div class=\"group\/conversation-turn relative flex w-full min-w-0 flex-col agent-turn\">\n<div class=\"relative flex-col gap-1 md:gap-3\">\n<div class=\"flex max-w-full flex-col grow\">\n<div class=\"min-h-8 text-message relative flex w-full flex-col items-end gap-2 text-start break-words whitespace-normal [.text-message+&amp;]:mt-5\" dir=\"auto\" data-message-author-role=\"assistant\" data-message-id=\"0a95818e-0093-452f-8b22-c9ab450ee58d\" data-message-model-slug=\"gpt-4o\">\n<div class=\"flex w-full flex-col gap-1 empty:hidden first:pt-[3px]\">\n<div class=\"markdown prose dark:prose-invert w-full break-words dark\">\n<p class=\"\" style=\"text-align: justify;\" data-start=\"484\" data-end=\"742\">Esta iniciativa no solo representa un ahorro en los bolsillos de las y los xaltoquenses, sino tambi\u00e9n un paso firme hacia el <strong data-start=\"609\" data-end=\"639\">cuidado del medio ambiente<\/strong>, promoviendo el uso de energ\u00edas limpias que reducen el impacto ambiental y mejoran la calidad de vida.<\/p>\n<p class=\"\" style=\"text-align: justify;\" data-start=\"744\" data-end=\"963\">\u267b\ufe0f\ud83d\udd25 Con visi\u00f3n y resultados, el gobierno municipal responde a la confianza de la ciudadan\u00eda, llevando apoyos reales a quienes m\u00e1s lo necesitan y construyendo un Xaltocan m\u00e1s justo, moderno y comprometido con el futuro.<\/p>\n<p class=\"\" style=\"text-align: justify;\" data-start=\"965\" data-end=\"1113\">\ud83d\udcac \u201cLa energ\u00eda del sol ahora tambi\u00e9n calienta los hogares de Xaltocan, porque el bienestar no puede esperar\u201d, destac\u00f3 el alcalde durante la entrega.<\/p>\n<p class=\"\" style=\"text-align: justify;\" data-start=\"1115\" data-end=\"1209\"><strong data-start=\"1115\" data-end=\"1209\">\u00a1Con decisi\u00f3n, firmeza y cercan\u00eda, el Dr. Jos\u00e9 Luis Hern\u00e1ndez V\u00e1zquez cumple y transforma!<\/strong><\/p>\n<p class=\"\" style=\"text-align: justify;\" data-start=\"1211\" data-end=\"1324\">#XaltocanAvanza<br data-start=\"1226\" data-end=\"1229\" \/>#CalentadoresSolaresBajoCosto<br data-start=\"1258\" data-end=\"1261\" \/>#CompromisoConLaGente<br data-start=\"1282\" data-end=\"1285\" \/>#BienestarParaTodos<br data-start=\"1304\" data-end=\"1307\" \/>#Decisi\u00f3nYFirmeza<\/p>\n<p data-start=\"1211\" data-end=\"1324\"><img loading=\"lazy\" decoding=\"async\" class=\"alignnone size-full wp-image-40666\" src=\"https:\/\/labestiapolitica.com.mx\/wp-content\/uploads\/2025\/04\/Proyecto-nuevo-28.jpg\" alt=\"\" width=\"1000\" height=\"600\" srcset=\"https:\/\/labestiapolitica.com.mx\/wp-content\/uploads\/2025\/04\/Proyecto-nuevo-28.jpg 1000w, https:\/\/labestiapolitica.com.mx\/wp-content\/uploads\/2025\/04\/Proyecto-nuevo-28-300x180.jpg 300w, https:\/\/labestiapolitica.com.mx\/wp-content\/uploads\/2025\/04\/Proyecto-nuevo-28-768x461.jpg 768w\" sizes=\"auto, (max-width: 1000px) 100vw, 1000px\" \/><\/p>\n<\/div>\n<\/div>\n<\/div>\n<\/div>\n<\/div>\n<\/div>\n<\/div>\n<\/div>\n<\/article>\n","protected":false},"excerpt":{"rendered":"<p>\u00a1El Dr. Jos\u00e9 Luis Hern\u00e1ndez V\u00e1zquez cumple con Xaltocan! \u2600\ufe0f\ud83c\udfe1 \u00a1Cuando el compromiso se traduce en acciones concretas, los resultados se sienten en cada hogar! El presidente municipal Dr. Jos\u00e9 Luis Hern\u00e1ndez V\u00e1zquez, en coordinaci\u00f3n con el H. Ayuntamiento de Xaltocan, realiz\u00f3 la entrega de calentadores solares a bajo costo, beneficiando a decenas de familias [&hellip;]<\/p>\n","protected":false},"author":3,"featured_media":40665,"comment_status":"open","ping_status":"open","sticky":false,"template":"","format":"standard","meta":{"footnotes":""},"categories":[12,216,228],"tags":[],"class_list":["post-40664","post","type-post","status-publish","format-standard","has-post-thumbnail","hentry","category-brujula-2026","category-municipios","category-xaltocan"],"amp_enabled":true,"_links":{"self":[{"href":"https:\/\/labestiapolitica.com.mx\/index.php?rest_route=\/wp\/v2\/posts\/40664","targetHints":{"allow":["GET"]}}],"collection":[{"href":"https:\/\/labestiapolitica.com.mx\/index.php?rest_route=\/wp\/v2\/posts"}],"about":[{"href":"https:\/\/labestiapolitica.com.mx\/index.php?rest_route=\/wp\/v2\/types\/post"}],"author":[{"embeddable":true,"href":"https:\/\/labestiapolitica.com.mx\/index.php?rest_route=\/wp\/v2\/users\/3"}],"replies":[{"embeddable":true,"href":"https:\/\/labestiapolitica.com.mx\/index.php?rest_route=%2Fwp%2Fv2%2Fcomments&post=40664"}],"version-history":[{"count":1,"href":"https:\/\/labestiapolitica.com.mx\/index.php?rest_route=\/wp\/v2\/posts\/40664\/revisions"}],"predecessor-version":[{"id":40667,"href":"https:\/\/labestiapolitica.com.mx\/index.php?rest_route=\/wp\/v2\/posts\/40664\/revisions\/40667"}],"wp:featuredmedia":[{"embeddable":true,"href":"https:\/\/labestiapolitica.com.mx\/index.php?rest_route=\/wp\/v2\/media\/40665"}],"wp:attachment":[{"href":"https:\/\/labestiapolitica.com.mx\/index.php?rest_route=%2Fwp%2Fv2%2Fmedia&parent=40664"}],"wp:term":[{"taxonomy":"category","embeddable":true,"href":"https:\/\/labestiapolitica.com.mx\/index.php?rest_route=%2Fwp%2Fv2%2Fcategories&post=40664"},{"taxonomy":"post_tag","embeddable":true,"href":"https:\/\/labestiapolitica.com.mx\/index.php?rest_route=%2Fwp%2Fv2%2Ftags&post=40664"}],"curies":[{"name":"wp","href":"https:\/\/api.w.org\/{rel}","templated":true}]}}