{"id":40692,"date":"2025-04-24T18:55:07","date_gmt":"2025-04-25T00:55:07","guid":{"rendered":"https:\/\/labestiapolitica.com.mx\/?p=40692"},"modified":"2025-04-24T18:55:07","modified_gmt":"2025-04-25T00:55:07","slug":"saldo-blanco-en-apizaco-durante-semana-santa-operativo-preventivo-cumple-su-objetivo","status":"publish","type":"post","link":"https:\/\/labestiapolitica.com.mx\/?p=40692","title":{"rendered":"Saldo blanco en Apizaco durante Semana Santa: operativo preventivo cumple su objetivo"},"content":{"rendered":"<p class=\"\" data-start=\"91\" data-end=\"327\">\u00a0El Gobierno Municipal de Apizaco, encabezado por el presidente Javier Rivera Bonilla, report\u00f3 saldo blanco tras la implementaci\u00f3n del operativo especial con motivo del periodo vacacional de Semana Santa.<\/p>\n<p class=\"\" data-start=\"329\" data-end=\"642\">Gracias a la coordinaci\u00f3n entre la Direcci\u00f3n de Seguridad P\u00fablica, Vialidad y Transporte, as\u00ed como Protecci\u00f3n Civil municipal, las actividades religiosas y recreativas se desarrollaron en un ambiente de orden y tranquilidad. Las autoridades destacaron que no se presentaron incidentes que alteraran la paz social.<\/p>\n<p class=\"\" data-start=\"644\" data-end=\"1000\">Durante los d\u00edas de mayor afluencia, elementos de la Polic\u00eda Municipal realizaron patrullajes preventivos en zonas estrat\u00e9gicas para garantizar la seguridad de habitantes, turistas y visitantes. Asimismo, se desplegaron acciones espec\u00edficas orientadas a mitigar riesgos derivados de la alta concentraci\u00f3n de personas en templos, plazas y espacios p\u00fablicos.<\/p>\n<p class=\"\" data-start=\"1002\" data-end=\"1344\">El Ayuntamiento reconoci\u00f3 el papel clave de la ciudadan\u00eda, cuya participaci\u00f3n responsable contribuy\u00f3 a que las celebraciones transcurrieran sin contratiempos. La administraci\u00f3n local reafirm\u00f3 su compromiso de seguir fortaleciendo los mecanismos de prevenci\u00f3n y respuesta inmediata para proteger a la poblaci\u00f3n en eventos de gran concurrencia.<\/p>\n<p class=\"\" data-start=\"1346\" data-end=\"1477\">Con este saldo positivo, el gobierno municipal ratifica su compromiso con la seguridad y el bienestar de las familias apizaquenses.<\/p>\n","protected":false},"excerpt":{"rendered":"<p>\u00a0El Gobierno Municipal de Apizaco, encabezado por el presidente Javier Rivera Bonilla, report\u00f3 saldo blanco tras la implementaci\u00f3n del operativo especial con motivo del periodo vacacional de Semana Santa. Gracias a la coordinaci\u00f3n entre la Direcci\u00f3n de Seguridad P\u00fablica, Vialidad y Transporte, as\u00ed como Protecci\u00f3n Civil municipal, las actividades religiosas y recreativas se desarrollaron en [&hellip;]<\/p>\n","protected":false},"author":3,"featured_media":40693,"comment_status":"open","ping_status":"open","sticky":false,"template":"","format":"standard","meta":{"footnotes":""},"categories":[1],"tags":[],"class_list":["post-40692","post","type-post","status-publish","format-standard","has-post-thumbnail","hentry","category-uncategorized"],"amp_enabled":true,"_links":{"self":[{"href":"https:\/\/labestiapolitica.com.mx\/index.php?rest_route=\/wp\/v2\/posts\/40692","targetHints":{"allow":["GET"]}}],"collection":[{"href":"https:\/\/labestiapolitica.com.mx\/index.php?rest_route=\/wp\/v2\/posts"}],"about":[{"href":"https:\/\/labestiapolitica.com.mx\/index.php?rest_route=\/wp\/v2\/types\/post"}],"author":[{"embeddable":true,"href":"https:\/\/labestiapolitica.com.mx\/index.php?rest_route=\/wp\/v2\/users\/3"}],"replies":[{"embeddable":true,"href":"https:\/\/labestiapolitica.com.mx\/index.php?rest_route=%2Fwp%2Fv2%2Fcomments&post=40692"}],"version-history":[{"count":1,"href":"https:\/\/labestiapolitica.com.mx\/index.php?rest_route=\/wp\/v2\/posts\/40692\/revisions"}],"predecessor-version":[{"id":40694,"href":"https:\/\/labestiapolitica.com.mx\/index.php?rest_route=\/wp\/v2\/posts\/40692\/revisions\/40694"}],"wp:featuredmedia":[{"embeddable":true,"href":"https:\/\/labestiapolitica.com.mx\/index.php?rest_route=\/wp\/v2\/media\/40693"}],"wp:attachment":[{"href":"https:\/\/labestiapolitica.com.mx\/index.php?rest_route=%2Fwp%2Fv2%2Fmedia&parent=40692"}],"wp:term":[{"taxonomy":"category","embeddable":true,"href":"https:\/\/labestiapolitica.com.mx\/index.php?rest_route=%2Fwp%2Fv2%2Fcategories&post=40692"},{"taxonomy":"post_tag","embeddable":true,"href":"https:\/\/labestiapolitica.com.mx\/index.php?rest_route=%2Fwp%2Fv2%2Ftags&post=40692"}],"curies":[{"name":"wp","href":"https:\/\/api.w.org\/{rel}","templated":true}]}}