{"id":40735,"date":"2025-04-12T08:38:50","date_gmt":"2025-04-12T14:38:50","guid":{"rendered":"https:\/\/labestiapolitica.com.mx\/?p=40735"},"modified":"2025-04-25T08:39:50","modified_gmt":"2025-04-25T14:39:50","slug":"san-pablo-del-monte-%f0%9f%9f%a2un-rotundo-exito-la-presentacion-de-ayer-del-coro-infantil-nahuatl-in-topilwan-mokwikatia%f0%9f%9f%a2","status":"publish","type":"post","link":"https:\/\/labestiapolitica.com.mx\/?p=40735","title":{"rendered":"San Pablo del Monte&#8230;\ud83d\udfe2Un rotundo \u00e9xito la presentaci\u00f3n de ayer del Coro Infantil N\u00e1huatl &#8211; In Topilwan Mokwikatia\ud83d\udfe2"},"content":{"rendered":"<p>&nbsp;<\/p>\n<p>En un emotivo y significativo esfuerzo por preservar la riqueza cultural de nuestras ra\u00edces, gracias al compromiso del H. Ayuntamiento de San Pablo del Monte, presidido por la Mtra. Ana Lucia Arce Luna , el Coro Infantil N\u00e1huatl- In Topilwan Mokwikatia que representan no solo a San Pablo del Monte, sino a nuestras ra\u00edces. Tuvieron su primera presentaci\u00f3n durante una breve participaci\u00f3n en la \u00ab13\u00aa Feria Nacional Ind\u00edgena\u00bb en la Biblioteca \u201cLos Mangos\u201d, es un centro cultural y asociaci\u00f3n civil en Puerto Vallarta, Jalisco, que abri\u00f3 sus puertas desde 1996 y es considerada como el fruto de la solidaridad Vallartense.<\/p>\n<p>En un contexto donde esta lengua enfrenta el riesgo del olvido, acciones como estas son fundamentales para mantener viva la lengua N\u00e1huatl. Queremos que las ni\u00f1as y los ni\u00f1os que forman parte del Coro Infantil se sientan profundamente orgullosos de su lengua materna, de sus ra\u00edces y del lugar del que son originarios.<\/p>\n<p>mientras que la presentaci\u00f3n Oficial est\u00e1 programada para los pr\u00f3ximos d\u00edas, los invitamos a mantenerse atentos de la p\u00e1gina del Ayuntamiento para no perderse de la presentaci\u00f3n de estos grandes, representantes de San Pablo del Monte. \ud83d\udc9a<\/p>\n<p>\u201cNuestra lengua vive en la voz de nuestros ni\u00f1os; preservarla es honrar lo que somos.\u00bb<br \/>\n#SanPabloDelMonte #OrigenYFuturo<\/p>\n<p><img loading=\"lazy\" decoding=\"async\" class=\"alignnone size-full wp-image-40738\" src=\"https:\/\/labestiapolitica.com.mx\/wp-content\/uploads\/2025\/04\/Proyecto-nuevo-1-3.jpg\" alt=\"\" width=\"1000\" height=\"600\" srcset=\"https:\/\/labestiapolitica.com.mx\/wp-content\/uploads\/2025\/04\/Proyecto-nuevo-1-3.jpg 1000w, https:\/\/labestiapolitica.com.mx\/wp-content\/uploads\/2025\/04\/Proyecto-nuevo-1-3-300x180.jpg 300w, https:\/\/labestiapolitica.com.mx\/wp-content\/uploads\/2025\/04\/Proyecto-nuevo-1-3-768x461.jpg 768w\" sizes=\"auto, (max-width: 1000px) 100vw, 1000px\" \/><\/p>\n","protected":false},"excerpt":{"rendered":"<p>&nbsp; En un emotivo y significativo esfuerzo por preservar la riqueza cultural de nuestras ra\u00edces, gracias al compromiso del H. Ayuntamiento de San Pablo del Monte, presidido por la Mtra. Ana Lucia Arce Luna , el Coro Infantil N\u00e1huatl- In Topilwan Mokwikatia que representan no solo a San Pablo del Monte, sino a nuestras ra\u00edces. [&hellip;]<\/p>\n","protected":false},"author":3,"featured_media":40737,"comment_status":"open","ping_status":"open","sticky":false,"template":"","format":"standard","meta":{"footnotes":""},"categories":[12,216,223],"tags":[],"class_list":["post-40735","post","type-post","status-publish","format-standard","has-post-thumbnail","hentry","category-brujula-2026","category-municipios","category-san-pablo-del-monte"],"amp_enabled":true,"_links":{"self":[{"href":"https:\/\/labestiapolitica.com.mx\/index.php?rest_route=\/wp\/v2\/posts\/40735","targetHints":{"allow":["GET"]}}],"collection":[{"href":"https:\/\/labestiapolitica.com.mx\/index.php?rest_route=\/wp\/v2\/posts"}],"about":[{"href":"https:\/\/labestiapolitica.com.mx\/index.php?rest_route=\/wp\/v2\/types\/post"}],"author":[{"embeddable":true,"href":"https:\/\/labestiapolitica.com.mx\/index.php?rest_route=\/wp\/v2\/users\/3"}],"replies":[{"embeddable":true,"href":"https:\/\/labestiapolitica.com.mx\/index.php?rest_route=%2Fwp%2Fv2%2Fcomments&post=40735"}],"version-history":[{"count":2,"href":"https:\/\/labestiapolitica.com.mx\/index.php?rest_route=\/wp\/v2\/posts\/40735\/revisions"}],"predecessor-version":[{"id":40739,"href":"https:\/\/labestiapolitica.com.mx\/index.php?rest_route=\/wp\/v2\/posts\/40735\/revisions\/40739"}],"wp:featuredmedia":[{"embeddable":true,"href":"https:\/\/labestiapolitica.com.mx\/index.php?rest_route=\/wp\/v2\/media\/40737"}],"wp:attachment":[{"href":"https:\/\/labestiapolitica.com.mx\/index.php?rest_route=%2Fwp%2Fv2%2Fmedia&parent=40735"}],"wp:term":[{"taxonomy":"category","embeddable":true,"href":"https:\/\/labestiapolitica.com.mx\/index.php?rest_route=%2Fwp%2Fv2%2Fcategories&post=40735"},{"taxonomy":"post_tag","embeddable":true,"href":"https:\/\/labestiapolitica.com.mx\/index.php?rest_route=%2Fwp%2Fv2%2Ftags&post=40735"}],"curies":[{"name":"wp","href":"https:\/\/api.w.org\/{rel}","templated":true}]}}