{"id":40743,"date":"2025-04-13T08:51:53","date_gmt":"2025-04-13T14:51:53","guid":{"rendered":"https:\/\/labestiapolitica.com.mx\/?p=40743"},"modified":"2025-04-25T08:52:39","modified_gmt":"2025-04-25T14:52:39","slug":"%f0%9f%9f%a2-san-pablo-del-monte-lleva-su-voz-al-foro-nacional-por-el-medio-ambiente-%f0%9f%9f%a2","status":"publish","type":"post","link":"https:\/\/labestiapolitica.com.mx\/?p=40743","title":{"rendered":"\ud83d\udfe2 San Pablo del Monte lleva su voz al Foro Nacional por el Medio Ambiente \ud83d\udfe2"},"content":{"rendered":"<p class=\"\" style=\"text-align: justify;\" data-start=\"150\" data-end=\"448\">En el marco del <strong data-start=\"166\" data-end=\"192\">D\u00eda de la Madre Tierra<\/strong>, San Pablo del Monte reafirm\u00f3 su compromiso con el cuidado del planeta. El <strong data-start=\"268\" data-end=\"286\">Quinto Regidor<\/strong> represent\u00f3 con orgullo al municipio en la <strong data-start=\"329\" data-end=\"366\">C\u00e1mara de Diputados de San L\u00e1zaro<\/strong>, participando activamente en el <strong data-start=\"399\" data-end=\"447\">Foro de Pol\u00edtica Nacional del Medio Ambiente<\/strong>.<\/p>\n<p class=\"\" style=\"text-align: justify;\" data-start=\"450\" data-end=\"675\">Durante este importante encuentro, se compartieron ideas, experiencias y propuestas para fortalecer las acciones que protejan no solo nuestro entorno natural, sino tambi\u00e9n el bienestar de todas las familias sanpablenses. \ud83e\udec2\ud83c\udfe1<\/p>\n<p class=\"\" style=\"text-align: justify;\" data-start=\"677\" data-end=\"811\">San Pablo del Monte demuestra que, con voluntad y trabajo en equipo, es posible construir un futuro m\u00e1s verde y sostenible para todos.<\/p>\n<p class=\"\" style=\"text-align: justify;\" data-start=\"813\" data-end=\"870\">#SanPabloDelMonte<br data-start=\"830\" data-end=\"833\" \/>#CamaraDeDiputados<br data-start=\"851\" data-end=\"854\" \/>#MedioAmbiente<\/p>\n<p data-start=\"813\" data-end=\"870\"><img loading=\"lazy\" decoding=\"async\" class=\"alignnone size-full wp-image-40745\" src=\"https:\/\/labestiapolitica.com.mx\/wp-content\/uploads\/2025\/04\/Proyecto-nuevo-4-4.jpg\" alt=\"\" width=\"1000\" height=\"600\" srcset=\"https:\/\/labestiapolitica.com.mx\/wp-content\/uploads\/2025\/04\/Proyecto-nuevo-4-4.jpg 1000w, https:\/\/labestiapolitica.com.mx\/wp-content\/uploads\/2025\/04\/Proyecto-nuevo-4-4-300x180.jpg 300w, https:\/\/labestiapolitica.com.mx\/wp-content\/uploads\/2025\/04\/Proyecto-nuevo-4-4-768x461.jpg 768w\" sizes=\"auto, (max-width: 1000px) 100vw, 1000px\" \/><\/p>\n","protected":false},"excerpt":{"rendered":"<p>En el marco del D\u00eda de la Madre Tierra, San Pablo del Monte reafirm\u00f3 su compromiso con el cuidado del planeta. El Quinto Regidor represent\u00f3 con orgullo al municipio en la C\u00e1mara de Diputados de San L\u00e1zaro, participando activamente en el Foro de Pol\u00edtica Nacional del Medio Ambiente. Durante este importante encuentro, se compartieron ideas, [&hellip;]<\/p>\n","protected":false},"author":3,"featured_media":40744,"comment_status":"open","ping_status":"open","sticky":false,"template":"","format":"standard","meta":{"footnotes":""},"categories":[12,216,223],"tags":[],"class_list":["post-40743","post","type-post","status-publish","format-standard","has-post-thumbnail","hentry","category-brujula-2026","category-municipios","category-san-pablo-del-monte"],"amp_enabled":true,"_links":{"self":[{"href":"https:\/\/labestiapolitica.com.mx\/index.php?rest_route=\/wp\/v2\/posts\/40743","targetHints":{"allow":["GET"]}}],"collection":[{"href":"https:\/\/labestiapolitica.com.mx\/index.php?rest_route=\/wp\/v2\/posts"}],"about":[{"href":"https:\/\/labestiapolitica.com.mx\/index.php?rest_route=\/wp\/v2\/types\/post"}],"author":[{"embeddable":true,"href":"https:\/\/labestiapolitica.com.mx\/index.php?rest_route=\/wp\/v2\/users\/3"}],"replies":[{"embeddable":true,"href":"https:\/\/labestiapolitica.com.mx\/index.php?rest_route=%2Fwp%2Fv2%2Fcomments&post=40743"}],"version-history":[{"count":1,"href":"https:\/\/labestiapolitica.com.mx\/index.php?rest_route=\/wp\/v2\/posts\/40743\/revisions"}],"predecessor-version":[{"id":40746,"href":"https:\/\/labestiapolitica.com.mx\/index.php?rest_route=\/wp\/v2\/posts\/40743\/revisions\/40746"}],"wp:featuredmedia":[{"embeddable":true,"href":"https:\/\/labestiapolitica.com.mx\/index.php?rest_route=\/wp\/v2\/media\/40744"}],"wp:attachment":[{"href":"https:\/\/labestiapolitica.com.mx\/index.php?rest_route=%2Fwp%2Fv2%2Fmedia&parent=40743"}],"wp:term":[{"taxonomy":"category","embeddable":true,"href":"https:\/\/labestiapolitica.com.mx\/index.php?rest_route=%2Fwp%2Fv2%2Fcategories&post=40743"},{"taxonomy":"post_tag","embeddable":true,"href":"https:\/\/labestiapolitica.com.mx\/index.php?rest_route=%2Fwp%2Fv2%2Ftags&post=40743"}],"curies":[{"name":"wp","href":"https:\/\/api.w.org\/{rel}","templated":true}]}}