{"id":40950,"date":"2025-04-29T18:35:00","date_gmt":"2025-04-30T00:35:00","guid":{"rendered":"https:\/\/labestiapolitica.com.mx\/?p=40950"},"modified":"2025-04-29T18:35:00","modified_gmt":"2025-04-30T00:35:00","slug":"tetla-fortalece-la-cultura-de-la-prevencion-exito-total-en-el-simulacro-nacional-2025","status":"publish","type":"post","link":"https:\/\/labestiapolitica.com.mx\/?p=40950","title":{"rendered":"#Tetla fortalece la cultura de la prevenci\u00f3n: \u00c9xito Total en el Simulacro Nacional 2025"},"content":{"rendered":"<p class=\"\" data-start=\"100\" data-end=\"454\">En una muestra de compromiso con la seguridad y bienestar de la ciudadan\u00eda, el Gobierno Municipal de Tetla de la Solidaridad, en conjunto con la Direcci\u00f3n de Protecci\u00f3n Civil Municipal, llev\u00f3 a cabo con \u00e9xito el <strong data-start=\"350\" data-end=\"377\">Simulacro Nacional 2025<\/strong>, sum\u00e1ndose a esta jornada nacional de preparaci\u00f3n ante emergencias s\u00edsmicas.<\/p>\n<p class=\"\" data-start=\"456\" data-end=\"789\">Gracias a la participaci\u00f3n activa de distintas oficinas p\u00fablicas y la inscripci\u00f3n de sus inmuebles en el ejercicio, se logr\u00f3 fortalecer la cultura de la prevenci\u00f3n entre servidores p\u00fablicos y ciudadan\u00eda en general. El simulacro permiti\u00f3 ensayar protocolos de evacuaci\u00f3n y reforzar las recomendaciones clave para actuar ante un sismo.<\/p>\n<p class=\"\" data-start=\"791\" data-end=\"1042\">Durante la jornada se difundieron medidas esenciales como conservar la calma, evitar correr o empujar, y atender con responsabilidad la se\u00f1al de alerta s\u00edsmica, recordando que <strong data-start=\"967\" data-end=\"1041\">estas acciones pueden marcar la diferencia entre la vida y la tragedia<\/strong>.<\/p>\n<p class=\"\" data-start=\"1044\" data-end=\"1290\">El Gobierno de Tetla agradeci\u00f3 p\u00fablicamente la colaboraci\u00f3n de todas y todos los participantes, resaltando que la participaci\u00f3n ciudadana es indispensable para construir un municipio m\u00e1s seguro, resiliente y preparado para cualquier eventualidad.<\/p>\n<p class=\"\" data-start=\"1292\" data-end=\"1481\"><strong data-start=\"1292\" data-end=\"1332\">\u00abTu seguridad es nuestra prioridad\u00bb,<\/strong> reiter\u00f3 la administraci\u00f3n municipal, que seguir\u00e1 impulsando acciones de prevenci\u00f3n y cultura de protecci\u00f3n civil en beneficio de toda la comunidad.<\/p>\n<p class=\"\" data-start=\"1483\" data-end=\"1574\">#LaBestiaPoliticaTetla<br data-start=\"1505\" data-end=\"1508\" \/>@Gobierno Municipal de Tetla de la Solidaridad<br data-start=\"1554\" data-end=\"1557\" \/>@TetlaSolidaria<\/p>\n","protected":false},"excerpt":{"rendered":"<p>En una muestra de compromiso con la seguridad y bienestar de la ciudadan\u00eda, el Gobierno Municipal de Tetla de la Solidaridad, en conjunto con la Direcci\u00f3n de Protecci\u00f3n Civil Municipal, llev\u00f3 a cabo con \u00e9xito el Simulacro Nacional 2025, sum\u00e1ndose a esta jornada nacional de preparaci\u00f3n ante emergencias s\u00edsmicas. Gracias a la participaci\u00f3n activa de [&hellip;]<\/p>\n","protected":false},"author":3,"featured_media":40951,"comment_status":"open","ping_status":"open","sticky":false,"template":"","format":"standard","meta":{"footnotes":""},"categories":[1],"tags":[],"class_list":["post-40950","post","type-post","status-publish","format-standard","has-post-thumbnail","hentry","category-uncategorized"],"amp_enabled":true,"_links":{"self":[{"href":"https:\/\/labestiapolitica.com.mx\/index.php?rest_route=\/wp\/v2\/posts\/40950","targetHints":{"allow":["GET"]}}],"collection":[{"href":"https:\/\/labestiapolitica.com.mx\/index.php?rest_route=\/wp\/v2\/posts"}],"about":[{"href":"https:\/\/labestiapolitica.com.mx\/index.php?rest_route=\/wp\/v2\/types\/post"}],"author":[{"embeddable":true,"href":"https:\/\/labestiapolitica.com.mx\/index.php?rest_route=\/wp\/v2\/users\/3"}],"replies":[{"embeddable":true,"href":"https:\/\/labestiapolitica.com.mx\/index.php?rest_route=%2Fwp%2Fv2%2Fcomments&post=40950"}],"version-history":[{"count":1,"href":"https:\/\/labestiapolitica.com.mx\/index.php?rest_route=\/wp\/v2\/posts\/40950\/revisions"}],"predecessor-version":[{"id":40952,"href":"https:\/\/labestiapolitica.com.mx\/index.php?rest_route=\/wp\/v2\/posts\/40950\/revisions\/40952"}],"wp:featuredmedia":[{"embeddable":true,"href":"https:\/\/labestiapolitica.com.mx\/index.php?rest_route=\/wp\/v2\/media\/40951"}],"wp:attachment":[{"href":"https:\/\/labestiapolitica.com.mx\/index.php?rest_route=%2Fwp%2Fv2%2Fmedia&parent=40950"}],"wp:term":[{"taxonomy":"category","embeddable":true,"href":"https:\/\/labestiapolitica.com.mx\/index.php?rest_route=%2Fwp%2Fv2%2Fcategories&post=40950"},{"taxonomy":"post_tag","embeddable":true,"href":"https:\/\/labestiapolitica.com.mx\/index.php?rest_route=%2Fwp%2Fv2%2Ftags&post=40950"}],"curies":[{"name":"wp","href":"https:\/\/api.w.org\/{rel}","templated":true}]}}