{"id":41065,"date":"2025-04-30T17:52:07","date_gmt":"2025-04-30T23:52:07","guid":{"rendered":"https:\/\/labestiapolitica.com.mx\/?p=41065"},"modified":"2025-04-30T17:52:07","modified_gmt":"2025-04-30T23:52:07","slug":"elige-cedht-al-primer-consejo-consultivo-infantil-del-organismo-autonomo-son-ninas-y-ninos-de-diferentes-municipios","status":"publish","type":"post","link":"https:\/\/labestiapolitica.com.mx\/?p=41065","title":{"rendered":"Elige CEDHT al primer Consejo Consultivo Infantil del organismo aut\u00f3nomo, son ni\u00f1as y ni\u00f1os de diferentes municipios."},"content":{"rendered":"<p style=\"text-align: justify;\"><em>Las y los legisladores del Parlamento infantil 2025 tomaron promesa a ni\u00f1as y ni\u00f1os defensores de DDHH<\/em><\/p>\n<p style=\"text-align: justify;\">La Comisi\u00f3n Estatal de Derechos Humanos de Tlaxcala (CEDHT) eligi\u00f3, por primera vez en la historia del organismo aut\u00f3nomo, a su Consejo Infantil, integrado por ni\u00f1as y ni\u00f1os de diferentes municipios del estado, quienes mostraron un genuino compromiso con la promoci\u00f3n de una cultura democr\u00e1tica, inclusiva, de respeto a la diversidad y de fortalecimiento de los derechos humanos en la entidad.<\/p>\n<p style=\"text-align: justify;\">En el marco del mes de las Infancias y el D\u00eda de la ni\u00f1ez, la CEDHT emiti\u00f3 la Convocatoria para integrar la Presidencia y el Consejo Consultivo Infantil 2025, para promover la participaci\u00f3n efectiva de ni\u00f1as y ni\u00f1os en los asuntos que les competen.<\/p>\n<p style=\"text-align: justify;\">Los resultados se dieron a conocer el pasado 28 de abril, quedando de la siguiente manera:<\/p>\n<p style=\"text-align: justify;\">La ni\u00f1a Luna Circe Jim\u00e9nez Barrientos, del municipio de Altzayanca y alumna de la Escuela \u00abH\u00e9roes de Chapultepec\u00bb, fue seleccionada como Presidenta Infantil 2025, en reconocimiento a su liderazgo, madurez y compromiso demostrado en su propuesta.<\/p>\n<p style=\"text-align: justify;\">Asimismo, Jaden L\u00f3pez Morales, Julio Isaac Villasana Mora, Eunice Morales Flores y C\u00e9line Popocatl Pelcastre han sido designados como Consejeros y Consejeras Infantiles 2025, en atenci\u00f3n a la solidez, pertinencia y enfoque de derechos humanos de sus participaciones, todos ellos representando los municipios de Altzayanca, Xaltocan y Calpulalpan, respectivamente.<\/p>\n<p style=\"text-align: justify;\">En esta convocatoria tambi\u00e9n se reconoci\u00f3 como Infancias Honor\u00edficas 2025 a Viviana Mart\u00ednez Pantoja, Violeta Ram\u00edrez Vivaldo, Iker Cabrera Montejo, Valeria Villegas Pa\u00fal y Alisson Ailin Calder\u00f3n Hern\u00e1ndez, quienes destacaron por su sensibilidad social, propuestas de mejora comunitaria y compromiso con los derechos humanos en sus municipios de Altzayanca, Tlaxcala, Calpulalpan y Tlaxco.<\/p>\n<p style=\"text-align: justify;\">En coordinaci\u00f3n con la Comisi\u00f3n de Educaci\u00f3n, Cultura, Ciencia y Tecnolog\u00eda del Congreso del Estado de Tlaxcala, las ni\u00f1as y ni\u00f1os seleccionados fueron parte de la sesi\u00f3n del Poder Legislativo, donde celebraron el D\u00e9cimo Sexto Parlamento Infantil y los legisladores infantiles electos tomaron promesa simb\u00f3lica a los integrantes del consejo infantil 2025 de la CEDHT.<\/p>\n<p style=\"text-align: justify;\">Previamente, las ni\u00f1as y los ni\u00f1os que resultaron seleccionadas y seleccionados en este certamen acudieron, el d\u00eda 29 de abril, a las instalaciones del organismo aut\u00f3nomo, donde convivieron con el Consejo Consultivo integrado por la presidenta Jakqueline Ordo\u00f1ez Brasdefer, las consejeras Geovanny P\u00e9rez L\u00f3pez y Haraim S\u00e1nchez M\u00e9ndez, as\u00ed como los consejeros Emmanuel S\u00e1nchez Reyes y Agust\u00edn Flores Pe\u00f1a.<\/p>\n<p style=\"text-align: justify;\">Tambi\u00e9n acudieron las ni\u00f1as y los ni\u00f1os reconocidas y reconocidos como infancia honor\u00edfica, as\u00ed como sus madres, padres o tutores.<\/p>\n<p style=\"text-align: justify;\">En el encuentro, la Ombudsperson, consejeras y consejeros destacaron que el nombramiento del Consejo consultivo infantil es un \u201checho hist\u00f3rico\u201d, reconocieron la participaci\u00f3n de las infancias y destacaron la necesidad de poner a la ni\u00f1ez en el centro de las decisiones institucionales y de las pol\u00edticas p\u00fablicas.<\/p>\n<p style=\"text-align: justify;\">Las y los integrantes del Consejo consultivo infantil, para participar en esta convocatoria, expresaron sus preocupaciones relacionadas con sus derechos humanos, por lo que manifestaron, entre otras cosas, problemas como el machismo que vulnera derechos humanos, y proponen cambio cultural basado en respeto e igualdad.<\/p>\n<p style=\"text-align: justify;\">Asimismo, hablaron de los riesgos de violencia que enfrentan y proponen mayor protecci\u00f3n en las escuelas; tambi\u00e9n manifestaron su preocupaci\u00f3n por tener un ambiente sano; as\u00ed como los riesgos digitales que enfrentan, la deserci\u00f3n escolar y la necesidad de tener mejores condiciones de desarrollo para las ni\u00f1as y ni\u00f1os con discapacidad, entre otras cosas.<\/p>\n<p style=\"text-align: justify;\">La Ombudsperson mencion\u00f3 que el pr\u00f3ximo 5 de mayo, en las instalaciones de la CEDHT se tomar\u00e1 promesa a los integrantes del Consejo consultivo infantil en las instalaciones de la Comisi\u00f3n.<\/p>\n<p>&nbsp;<\/p>\n<p><img loading=\"lazy\" decoding=\"async\" class=\"alignnone wp-image-28405 size-full\" src=\"https:\/\/labestiapolitica.com.mx\/wp-content\/uploads\/2024\/06\/U-NOVA-y-se-diferente.png\" alt=\"\" width=\"1000\" height=\"600\" srcset=\"https:\/\/labestiapolitica.com.mx\/wp-content\/uploads\/2024\/06\/U-NOVA-y-se-diferente.png 1000w, https:\/\/labestiapolitica.com.mx\/wp-content\/uploads\/2024\/06\/U-NOVA-y-se-diferente-300x180.png 300w, https:\/\/labestiapolitica.com.mx\/wp-content\/uploads\/2024\/06\/U-NOVA-y-se-diferente-768x461.png 768w\" sizes=\"auto, (max-width: 1000px) 100vw, 1000px\" \/><\/p>\n","protected":false},"excerpt":{"rendered":"<p>Las y los legisladores del Parlamento infantil 2025 tomaron promesa a ni\u00f1as y ni\u00f1os defensores de DDHH La Comisi\u00f3n Estatal de Derechos Humanos de Tlaxcala (CEDHT) eligi\u00f3, por primera vez en la historia del organismo aut\u00f3nomo, a su Consejo Infantil, integrado por ni\u00f1as y ni\u00f1os de diferentes municipios del estado, quienes mostraron un genuino compromiso [&hellip;]<\/p>\n","protected":false},"author":5,"featured_media":41066,"comment_status":"open","ping_status":"open","sticky":false,"template":"","format":"standard","meta":{"footnotes":""},"categories":[7,232],"tags":[],"class_list":["post-41065","post","type-post","status-publish","format-standard","has-post-thumbnail","hentry","category-ciudadanos","category-derechos-humanos-tlaxcala"],"amp_enabled":true,"_links":{"self":[{"href":"https:\/\/labestiapolitica.com.mx\/index.php?rest_route=\/wp\/v2\/posts\/41065","targetHints":{"allow":["GET"]}}],"collection":[{"href":"https:\/\/labestiapolitica.com.mx\/index.php?rest_route=\/wp\/v2\/posts"}],"about":[{"href":"https:\/\/labestiapolitica.com.mx\/index.php?rest_route=\/wp\/v2\/types\/post"}],"author":[{"embeddable":true,"href":"https:\/\/labestiapolitica.com.mx\/index.php?rest_route=\/wp\/v2\/users\/5"}],"replies":[{"embeddable":true,"href":"https:\/\/labestiapolitica.com.mx\/index.php?rest_route=%2Fwp%2Fv2%2Fcomments&post=41065"}],"version-history":[{"count":1,"href":"https:\/\/labestiapolitica.com.mx\/index.php?rest_route=\/wp\/v2\/posts\/41065\/revisions"}],"predecessor-version":[{"id":41067,"href":"https:\/\/labestiapolitica.com.mx\/index.php?rest_route=\/wp\/v2\/posts\/41065\/revisions\/41067"}],"wp:featuredmedia":[{"embeddable":true,"href":"https:\/\/labestiapolitica.com.mx\/index.php?rest_route=\/wp\/v2\/media\/41066"}],"wp:attachment":[{"href":"https:\/\/labestiapolitica.com.mx\/index.php?rest_route=%2Fwp%2Fv2%2Fmedia&parent=41065"}],"wp:term":[{"taxonomy":"category","embeddable":true,"href":"https:\/\/labestiapolitica.com.mx\/index.php?rest_route=%2Fwp%2Fv2%2Fcategories&post=41065"},{"taxonomy":"post_tag","embeddable":true,"href":"https:\/\/labestiapolitica.com.mx\/index.php?rest_route=%2Fwp%2Fv2%2Ftags&post=41065"}],"curies":[{"name":"wp","href":"https:\/\/api.w.org\/{rel}","templated":true}]}}