{"id":41068,"date":"2025-04-30T18:02:10","date_gmt":"2025-05-01T00:02:10","guid":{"rendered":"https:\/\/labestiapolitica.com.mx\/?p=41068"},"modified":"2025-05-02T12:14:30","modified_gmt":"2025-05-02T18:14:30","slug":"acualpan-celebra-su-primer-cabildo-infantil-para-fomentar-la-participacion-ciudadana-desde-la-infancia","status":"publish","type":"post","link":"https:\/\/labestiapolitica.com.mx\/?p=41068","title":{"rendered":"Zacualpan celebra su primer Cabildo Infantil para fomentar la participaci\u00f3n ciudadana desde la infancia."},"content":{"rendered":"<p class=\"\" style=\"text-align: justify;\" data-start=\"283\" data-end=\"596\">En el marco de los festejos por el D\u00eda de la Ni\u00f1a y el Ni\u00f1o, el Ayuntamiento de Zacualpan, encabezado por la presidenta municipal Sandra Corona Padilla, llev\u00f3 a cabo con entusiasmo el <strong data-start=\"467\" data-end=\"499\">primer Cabildo Infantil 2025<\/strong>, un ejercicio c\u00edvico dise\u00f1ado para fortalecer la participaci\u00f3n ciudadana desde edades tempranas.<\/p>\n<p class=\"\" style=\"text-align: justify;\" data-start=\"598\" data-end=\"815\">Previo a la sesi\u00f3n, se realiz\u00f3 un desayuno en honor a las ni\u00f1as y ni\u00f1os seleccionados para integrar este espacio de expresi\u00f3n, donde compartieron sus ideas, inquietudes y propuestas para el desarrollo de su comunidad.<\/p>\n<p class=\"\" style=\"text-align: justify;\" data-start=\"817\" data-end=\"1018\">Durante el evento, la presidenta municipal Sandra Corona destac\u00f3 la importancia de abrir espacios donde la ni\u00f1ez pueda ser escuchada y vivir de cerca la experiencia de la toma de decisiones p\u00fablicas.<\/p>\n<blockquote data-start=\"1019\" data-end=\"1214\">\n<p class=\"\" data-start=\"1021\" data-end=\"1214\"><em data-start=\"1021\" data-end=\"1192\">\u201cEscucharlos, conocer sus ideas y ver su entusiasmo nos llena de esperanza y compromiso. Porque su voz cuenta, y juntos seguiremos construyendo un mejor Pueblo de Bien\u201d,<\/em> expres\u00f3 la alcaldesa.<\/p>\n<\/blockquote>\n<p class=\"\" style=\"text-align: justify;\" data-start=\"1216\" data-end=\"1476\">El Cabildo Infantil tambi\u00e9n cont\u00f3 con la presencia de la consejera de la Comisi\u00f3n Estatal de Derechos Humanos (CEDHT), Geovanny P\u00e9rez L\u00f3pez, as\u00ed como de regidoras y regidores del Ayuntamiento, quienes respaldaron la iniciativa y contribuyeron a su realizaci\u00f3n.<\/p>\n<p class=\"\" style=\"text-align: justify;\" data-start=\"1478\" data-end=\"1717\">Este ejercicio representa una valiosa oportunidad para que las infancias de Zacualpan conozcan el funcionamiento del gobierno municipal, desarrollen habilidades de liderazgo y se involucren activamente en los temas que impactan su entorno.<\/p>\n<p data-start=\"1478\" data-end=\"1717\"><img loading=\"lazy\" decoding=\"async\" class=\"alignnone size-medium wp-image-28405\" src=\"https:\/\/labestiapolitica.com.mx\/wp-content\/uploads\/2024\/06\/U-NOVA-y-se-diferente-300x180.png\" alt=\"\" width=\"300\" height=\"180\" srcset=\"https:\/\/labestiapolitica.com.mx\/wp-content\/uploads\/2024\/06\/U-NOVA-y-se-diferente-300x180.png 300w, https:\/\/labestiapolitica.com.mx\/wp-content\/uploads\/2024\/06\/U-NOVA-y-se-diferente-768x461.png 768w, https:\/\/labestiapolitica.com.mx\/wp-content\/uploads\/2024\/06\/U-NOVA-y-se-diferente.png 1000w\" sizes=\"auto, (max-width: 300px) 100vw, 300px\" \/><\/p>\n","protected":false},"excerpt":{"rendered":"<p>En el marco de los festejos por el D\u00eda de la Ni\u00f1a y el Ni\u00f1o, el Ayuntamiento de Zacualpan, encabezado por la presidenta municipal Sandra Corona Padilla, llev\u00f3 a cabo con entusiasmo el primer Cabildo Infantil 2025, un ejercicio c\u00edvico dise\u00f1ado para fortalecer la participaci\u00f3n ciudadana desde edades tempranas. Previo a la sesi\u00f3n, se realiz\u00f3 [&hellip;]<\/p>\n","protected":false},"author":5,"featured_media":41069,"comment_status":"open","ping_status":"open","sticky":false,"template":"","format":"standard","meta":{"footnotes":""},"categories":[7,216],"tags":[],"class_list":["post-41068","post","type-post","status-publish","format-standard","has-post-thumbnail","hentry","category-ciudadanos","category-municipios"],"amp_enabled":true,"_links":{"self":[{"href":"https:\/\/labestiapolitica.com.mx\/index.php?rest_route=\/wp\/v2\/posts\/41068","targetHints":{"allow":["GET"]}}],"collection":[{"href":"https:\/\/labestiapolitica.com.mx\/index.php?rest_route=\/wp\/v2\/posts"}],"about":[{"href":"https:\/\/labestiapolitica.com.mx\/index.php?rest_route=\/wp\/v2\/types\/post"}],"author":[{"embeddable":true,"href":"https:\/\/labestiapolitica.com.mx\/index.php?rest_route=\/wp\/v2\/users\/5"}],"replies":[{"embeddable":true,"href":"https:\/\/labestiapolitica.com.mx\/index.php?rest_route=%2Fwp%2Fv2%2Fcomments&post=41068"}],"version-history":[{"count":2,"href":"https:\/\/labestiapolitica.com.mx\/index.php?rest_route=\/wp\/v2\/posts\/41068\/revisions"}],"predecessor-version":[{"id":41111,"href":"https:\/\/labestiapolitica.com.mx\/index.php?rest_route=\/wp\/v2\/posts\/41068\/revisions\/41111"}],"wp:featuredmedia":[{"embeddable":true,"href":"https:\/\/labestiapolitica.com.mx\/index.php?rest_route=\/wp\/v2\/media\/41069"}],"wp:attachment":[{"href":"https:\/\/labestiapolitica.com.mx\/index.php?rest_route=%2Fwp%2Fv2%2Fmedia&parent=41068"}],"wp:term":[{"taxonomy":"category","embeddable":true,"href":"https:\/\/labestiapolitica.com.mx\/index.php?rest_route=%2Fwp%2Fv2%2Fcategories&post=41068"},{"taxonomy":"post_tag","embeddable":true,"href":"https:\/\/labestiapolitica.com.mx\/index.php?rest_route=%2Fwp%2Fv2%2Ftags&post=41068"}],"curies":[{"name":"wp","href":"https:\/\/api.w.org\/{rel}","templated":true}]}}