{"id":41074,"date":"2025-04-30T18:09:51","date_gmt":"2025-05-01T00:09:51","guid":{"rendered":"https:\/\/labestiapolitica.com.mx\/?p=41074"},"modified":"2025-04-30T18:09:51","modified_gmt":"2025-05-01T00:09:51","slug":"se-desarrolla-xvi-parlamento-infantil-2025-en-el-congreso-del-estado","status":"publish","type":"post","link":"https:\/\/labestiapolitica.com.mx\/?p=41074","title":{"rendered":"Se desarrolla XVI Parlamento Infantil 2025 en el Congreso del Estado."},"content":{"rendered":"<p style=\"font-weight: 400; text-align: justify;\">Este mi\u00e9rcoles 30 de abril se llev\u00f3 a cabo el Parlamento Infantil 2025 en el Congreso del Estado, una jornada c\u00edvica que reuni\u00f3 a ni\u00f1as y ni\u00f1os de distintos municipios para vivir de cerca la experiencia legislativa y expresar propuestas en favor del bienestar y desarrollo de sus comunidades. El evento fue organizado por la Comisi\u00f3n de Educaci\u00f3n, Cultura, Ciencia y Tecnolog\u00eda, integrada por los diputados H\u00e9ctor I. Ortiz Ortiz, Jaciel Gonz\u00e1lez Herrera y Emilio De la Pe\u00f1a Aponte.<\/p>\n<p style=\"font-weight: 400; text-align: justify;\">La jornada inici\u00f3 con un desayuno de convivencia entre las y los ni\u00f1os parlamentarios en un espacio de di\u00e1logo c\u00e1lido y cercano. M\u00e1s tarde, se trasladaron a la Sala de Sesiones, donde se desarroll\u00f3 la d\u00e9cimosexta edici\u00f3n del Parlamento Infantil en la que presentaron propuestas e iniciativas sobre temas que les preocupan y que consideran prioritarios.<\/p>\n<p style=\"font-weight: 400; text-align: justify;\">Durante la sesi\u00f3n, las y los participantes asumieron el papel de legisladores y ocuparon una curul para exponer su visi\u00f3n sobre los retos de su generaci\u00f3n. Entre los temas abordados destacaron la paz, justicia, derechos de la ni\u00f1ez, igualdad de g\u00e9nero, medio ambiente, educaci\u00f3n, infancias ind\u00edgenas y desarrollo sostenible, en un ejercicio que evidenci\u00f3 su inter\u00e9s por construir un mejor futuro para Tlaxcala.<\/p>\n<p style=\"font-weight: 400; text-align: justify;\">Al t\u00e9rmino de los trabajos, las y los diputados infantiles recibieron reconocimientos de la LXV Legislatura. En representaci\u00f3n de la Comisi\u00f3n organizadora, el diputado H\u00e9ctor Ortiz reconoci\u00f3 el esfuerzo y compromiso de las y los participantes, y los exhort\u00f3 a seguir siendo l\u00edderes valientes y conscientes, adem\u00e1s de felicitar a todas las ni\u00f1as y ni\u00f1os tlaxcaltecas con motivo del D\u00eda del Ni\u00f1o.<\/p>\n<p style=\"font-weight: 400; text-align: justify;\">Finalmente, las y los parlamentarios se trasladaron al Palacio de Gobierno, donde sostuvieron un encuentro con la gobernadora del Estado. Este cierre permiti\u00f3 fortalecer el v\u00ednculo entre la ni\u00f1ez y sus autoridades, adem\u00e1s de reafirmar el compromiso del Congreso del Estado con la formaci\u00f3n c\u00edvica y democr\u00e1tica de las nuevas generaciones.<\/p>\n<p>&nbsp;<\/p>\n<p><img loading=\"lazy\" decoding=\"async\" class=\"alignnone wp-image-28405 size-full\" src=\"https:\/\/labestiapolitica.com.mx\/wp-content\/uploads\/2024\/06\/U-NOVA-y-se-diferente.png\" alt=\"\" width=\"1000\" height=\"600\" srcset=\"https:\/\/labestiapolitica.com.mx\/wp-content\/uploads\/2024\/06\/U-NOVA-y-se-diferente.png 1000w, https:\/\/labestiapolitica.com.mx\/wp-content\/uploads\/2024\/06\/U-NOVA-y-se-diferente-300x180.png 300w, https:\/\/labestiapolitica.com.mx\/wp-content\/uploads\/2024\/06\/U-NOVA-y-se-diferente-768x461.png 768w\" sizes=\"auto, (max-width: 1000px) 100vw, 1000px\" \/><\/p>\n","protected":false},"excerpt":{"rendered":"<p>Este mi\u00e9rcoles 30 de abril se llev\u00f3 a cabo el Parlamento Infantil 2025 en el Congreso del Estado, una jornada c\u00edvica que reuni\u00f3 a ni\u00f1as y ni\u00f1os de distintos municipios para vivir de cerca la experiencia legislativa y expresar propuestas en favor del bienestar y desarrollo de sus comunidades. El evento fue organizado por la [&hellip;]<\/p>\n","protected":false},"author":5,"featured_media":41075,"comment_status":"open","ping_status":"open","sticky":false,"template":"","format":"standard","meta":{"footnotes":""},"categories":[7,224],"tags":[],"class_list":["post-41074","post","type-post","status-publish","format-standard","has-post-thumbnail","hentry","category-ciudadanos","category-congreso-del-estado-de-tlaxcala"],"amp_enabled":true,"_links":{"self":[{"href":"https:\/\/labestiapolitica.com.mx\/index.php?rest_route=\/wp\/v2\/posts\/41074","targetHints":{"allow":["GET"]}}],"collection":[{"href":"https:\/\/labestiapolitica.com.mx\/index.php?rest_route=\/wp\/v2\/posts"}],"about":[{"href":"https:\/\/labestiapolitica.com.mx\/index.php?rest_route=\/wp\/v2\/types\/post"}],"author":[{"embeddable":true,"href":"https:\/\/labestiapolitica.com.mx\/index.php?rest_route=\/wp\/v2\/users\/5"}],"replies":[{"embeddable":true,"href":"https:\/\/labestiapolitica.com.mx\/index.php?rest_route=%2Fwp%2Fv2%2Fcomments&post=41074"}],"version-history":[{"count":1,"href":"https:\/\/labestiapolitica.com.mx\/index.php?rest_route=\/wp\/v2\/posts\/41074\/revisions"}],"predecessor-version":[{"id":41076,"href":"https:\/\/labestiapolitica.com.mx\/index.php?rest_route=\/wp\/v2\/posts\/41074\/revisions\/41076"}],"wp:featuredmedia":[{"embeddable":true,"href":"https:\/\/labestiapolitica.com.mx\/index.php?rest_route=\/wp\/v2\/media\/41075"}],"wp:attachment":[{"href":"https:\/\/labestiapolitica.com.mx\/index.php?rest_route=%2Fwp%2Fv2%2Fmedia&parent=41074"}],"wp:term":[{"taxonomy":"category","embeddable":true,"href":"https:\/\/labestiapolitica.com.mx\/index.php?rest_route=%2Fwp%2Fv2%2Fcategories&post=41074"},{"taxonomy":"post_tag","embeddable":true,"href":"https:\/\/labestiapolitica.com.mx\/index.php?rest_route=%2Fwp%2Fv2%2Ftags&post=41074"}],"curies":[{"name":"wp","href":"https:\/\/api.w.org\/{rel}","templated":true}]}}