{"id":41077,"date":"2025-04-30T18:20:14","date_gmt":"2025-05-01T00:20:14","guid":{"rendered":"https:\/\/labestiapolitica.com.mx\/?p=41077"},"modified":"2025-04-30T18:20:27","modified_gmt":"2025-05-01T00:20:27","slug":"registro-nutrida-participacion-convocatoria-para-integrar-el-consejo-consultivo-infantil-de-la-cedht-2025","status":"publish","type":"post","link":"https:\/\/labestiapolitica.com.mx\/?p=41077","title":{"rendered":"Registr\u00f3 nutrida participaci\u00f3n convocatoria para integrar el Consejo Consultivo Infantil de la CEDHT 2025."},"content":{"rendered":"<ul>\n<li style=\"text-align: justify;\"><em>85 participantes de varios municipios se interesaron por ser parte del organismo aut\u00f3nomo <\/em><\/li>\n<\/ul>\n<p style=\"text-align: justify;\">La convocatoria que emiti\u00f3 la Comisi\u00f3n Estatal de Derechos Humanos de Tlaxcala (CEDHT), para que ni\u00f1as y ni\u00f1os de la entidad integren el Consejo Consultivo Infantil 2025 de este organismo aut\u00f3nomo, tuvo una copiosa participaci\u00f3n, pues al cierre de la misma se recibieron 85 registros.<\/p>\n<p style=\"text-align: justify;\">Los participantes provienen de los municipios de Tlaxco, Atltzayanca, Calpulalpan, Ayometla, Xaltocan, Tlaxcala, Huamantla, Contla y Yauhquemehcan, quienes mostraron su inter\u00e9s por ser presidenta o presidente y consejeras o consejeros del organismo aut\u00f3nomo.<\/p>\n<p style=\"text-align: justify;\">Referir que con motivo del D\u00eda de las Infancias la CEDHT convoc\u00f3 a todas las ni\u00f1as y ni\u00f1os de Tlaxcala a participar en el proceso de selecci\u00f3n para formar parte, por un d\u00eda, de la Presidencia y el Consejo consultivo infantil del organismo aut\u00f3nomo con el objetivo de fortalecer la cultura de derechos humanos y promover el derecho a la participaci\u00f3n desde la infancia.<\/p>\n<p style=\"text-align: justify;\">Uno de los requisitos para participar, fue que las ni\u00f1as y los ni\u00f1os enviaran un video en el que mostraran su inter\u00e9s por expresar sus ideas sobre la igualdad, la no discriminaci\u00f3n y la participaci\u00f3n infantil, as\u00ed como su concepci\u00f3n de lo que son los derechos humanos.<\/p>\n<p style=\"text-align: justify;\">Los videos recibidos son evaluados por el consejo consultivo, integrado, quienes toman en cuenta la expresi\u00f3n corporal, el enfoque de derechos humanos al tema que las y los participantes aborden, la perspectiva de ni\u00f1ez y adolescencia, inclusi\u00f3n y diversidad y cultura de paz.<\/p>\n<p style=\"text-align: justify;\">Despu\u00e9s seleccionar\u00e1n a cinco ni\u00f1as y\/o ni\u00f1os, quienes asumir\u00e1n, de manera simb\u00f3lica, la presidencia y los cuatro lugares del consejo infantil. Pero todos los participantes recibir\u00e1n un reconocimiento.<\/p>\n<p style=\"text-align: justify;\">En coordinaci\u00f3n con la Comisi\u00f3n de Educaci\u00f3n, Cultura, Ciencia y Tecnolog\u00eda del Congreso del Estado de Tlaxcala, las ni\u00f1as y ni\u00f1os seleccionados ser\u00e1n parte de la sesi\u00f3n del Poder Legislativo, a celebrarse el 30 de abril de 2025, donde se celebrar\u00e1 el D\u00e9cimo Sexto Parlamento Infantil, ah\u00ed los legisladores infantiles electos les tomar\u00e1n promesa simb\u00f3lica a los integrantes del consejo infantil 2025 de la CEDHT.<\/p>\n<p style=\"text-align: justify;\">Asimismo, se integrar\u00e1n como Embajadoras y Embajadores Infantiles de Derechos Humanos en actividades del organismo aut\u00f3nomo.<\/p>\n<p>&nbsp;<\/p>\n<p><img loading=\"lazy\" decoding=\"async\" class=\"alignnone wp-image-28405 size-full\" src=\"https:\/\/labestiapolitica.com.mx\/wp-content\/uploads\/2024\/06\/U-NOVA-y-se-diferente.png\" alt=\"\" width=\"1000\" height=\"600\" srcset=\"https:\/\/labestiapolitica.com.mx\/wp-content\/uploads\/2024\/06\/U-NOVA-y-se-diferente.png 1000w, https:\/\/labestiapolitica.com.mx\/wp-content\/uploads\/2024\/06\/U-NOVA-y-se-diferente-300x180.png 300w, https:\/\/labestiapolitica.com.mx\/wp-content\/uploads\/2024\/06\/U-NOVA-y-se-diferente-768x461.png 768w\" sizes=\"auto, (max-width: 1000px) 100vw, 1000px\" \/><\/p>\n","protected":false},"excerpt":{"rendered":"<p>85 participantes de varios municipios se interesaron por ser parte del organismo aut\u00f3nomo La convocatoria que emiti\u00f3 la Comisi\u00f3n Estatal de Derechos Humanos de Tlaxcala (CEDHT), para que ni\u00f1as y ni\u00f1os de la entidad integren el Consejo Consultivo Infantil 2025 de este organismo aut\u00f3nomo, tuvo una copiosa participaci\u00f3n, pues al cierre de la misma se [&hellip;]<\/p>\n","protected":false},"author":5,"featured_media":41078,"comment_status":"open","ping_status":"open","sticky":false,"template":"","format":"standard","meta":{"footnotes":""},"categories":[7,232],"tags":[],"class_list":["post-41077","post","type-post","status-publish","format-standard","has-post-thumbnail","hentry","category-ciudadanos","category-derechos-humanos-tlaxcala"],"amp_enabled":true,"_links":{"self":[{"href":"https:\/\/labestiapolitica.com.mx\/index.php?rest_route=\/wp\/v2\/posts\/41077","targetHints":{"allow":["GET"]}}],"collection":[{"href":"https:\/\/labestiapolitica.com.mx\/index.php?rest_route=\/wp\/v2\/posts"}],"about":[{"href":"https:\/\/labestiapolitica.com.mx\/index.php?rest_route=\/wp\/v2\/types\/post"}],"author":[{"embeddable":true,"href":"https:\/\/labestiapolitica.com.mx\/index.php?rest_route=\/wp\/v2\/users\/5"}],"replies":[{"embeddable":true,"href":"https:\/\/labestiapolitica.com.mx\/index.php?rest_route=%2Fwp%2Fv2%2Fcomments&post=41077"}],"version-history":[{"count":2,"href":"https:\/\/labestiapolitica.com.mx\/index.php?rest_route=\/wp\/v2\/posts\/41077\/revisions"}],"predecessor-version":[{"id":41080,"href":"https:\/\/labestiapolitica.com.mx\/index.php?rest_route=\/wp\/v2\/posts\/41077\/revisions\/41080"}],"wp:featuredmedia":[{"embeddable":true,"href":"https:\/\/labestiapolitica.com.mx\/index.php?rest_route=\/wp\/v2\/media\/41078"}],"wp:attachment":[{"href":"https:\/\/labestiapolitica.com.mx\/index.php?rest_route=%2Fwp%2Fv2%2Fmedia&parent=41077"}],"wp:term":[{"taxonomy":"category","embeddable":true,"href":"https:\/\/labestiapolitica.com.mx\/index.php?rest_route=%2Fwp%2Fv2%2Fcategories&post=41077"},{"taxonomy":"post_tag","embeddable":true,"href":"https:\/\/labestiapolitica.com.mx\/index.php?rest_route=%2Fwp%2Fv2%2Ftags&post=41077"}],"curies":[{"name":"wp","href":"https:\/\/api.w.org\/{rel}","templated":true}]}}