{"id":41084,"date":"2025-04-30T18:27:34","date_gmt":"2025-05-01T00:27:34","guid":{"rendered":"https:\/\/labestiapolitica.com.mx\/?p=41084"},"modified":"2025-04-30T18:27:34","modified_gmt":"2025-05-01T00:27:34","slug":"aprueban-distribucion-de-excedentes-del-primer-trimestre-a-los-tres-poderes-del-estado","status":"publish","type":"post","link":"https:\/\/labestiapolitica.com.mx\/?p=41084","title":{"rendered":"Aprueban distribuci\u00f3n de excedentes del primer trimestre a los tres Poderes del Estado."},"content":{"rendered":"<p style=\"font-weight: 400; text-align: justify;\">En sesi\u00f3n extraordinaria del Congreso del Estado de Tlaxcala, diputadas y diputados aprobaron por unanimidad el dictamen con proyecto de decreto mediante el cual se autoriza a la titular del Poder Ejecutivo del Estado la distribuci\u00f3n de los recursos excedentes generados durante el primer trimestre del ejercicio fiscal 2025, en beneficio de los Poderes Ejecutivo, Legislativo y Judicial, conforme lo establece el art\u00edculo 299 del C\u00f3digo Financiero local.<\/p>\n<p style=\"font-weight: 400; text-align: justify;\">El decreto aprobado responde a la iniciativa presentada por la Gobernadora del Estado, Lorena Cu\u00e9llar Cisneros, en coordinaci\u00f3n con el Secretario de Gobierno y el Secretario de Finanzas, la cual considera un incremento general de 312.9 millones de pesos respecto a lo estimado en la Ley de Ingresos 2025, resultado del comportamiento positivo de las participaciones federales, incentivos econ\u00f3micos y recaudaci\u00f3n local.<\/p>\n<p style=\"font-weight: 400; text-align: justify;\">De acuerdo con la disposici\u00f3n legal, los recursos excedentes ser\u00e1n distribuidos de forma proporcional a lo aprobado en el Presupuesto de Egresos. En este sentido, el diputado Bladimir Zainos Flores, quien dio lectura al dictamen, se asignaron $197,887,908.29 al Poder Ejecutivo; $6,929,153.01 al Poder Legislativo; y $7,535,040.90 al Poder Judicial. La Secretar\u00eda de Finanzas ser\u00e1 la encargada de ministrar dichos montos en una sola exhibici\u00f3n, observando los lineamientos de disciplina financiera.<\/p>\n<p style=\"font-weight: 400; text-align: justify;\">La aplicaci\u00f3n de estos recursos deber\u00e1 reflejarse en la cuenta p\u00fablica del presente ejercicio fiscal, garantizando transparencia y rendici\u00f3n de cuentas.<\/p>\n<p>&nbsp;<\/p>\n<p><img loading=\"lazy\" decoding=\"async\" class=\"alignnone wp-image-28405 size-full\" src=\"https:\/\/labestiapolitica.com.mx\/wp-content\/uploads\/2024\/06\/U-NOVA-y-se-diferente.png\" alt=\"\" width=\"1000\" height=\"600\" srcset=\"https:\/\/labestiapolitica.com.mx\/wp-content\/uploads\/2024\/06\/U-NOVA-y-se-diferente.png 1000w, https:\/\/labestiapolitica.com.mx\/wp-content\/uploads\/2024\/06\/U-NOVA-y-se-diferente-300x180.png 300w, https:\/\/labestiapolitica.com.mx\/wp-content\/uploads\/2024\/06\/U-NOVA-y-se-diferente-768x461.png 768w\" sizes=\"auto, (max-width: 1000px) 100vw, 1000px\" \/><\/p>\n","protected":false},"excerpt":{"rendered":"<p>En sesi\u00f3n extraordinaria del Congreso del Estado de Tlaxcala, diputadas y diputados aprobaron por unanimidad el dictamen con proyecto de decreto mediante el cual se autoriza a la titular del Poder Ejecutivo del Estado la distribuci\u00f3n de los recursos excedentes generados durante el primer trimestre del ejercicio fiscal 2025, en beneficio de los Poderes Ejecutivo, [&hellip;]<\/p>\n","protected":false},"author":5,"featured_media":41086,"comment_status":"open","ping_status":"open","sticky":false,"template":"","format":"standard","meta":{"footnotes":""},"categories":[12,224],"tags":[],"class_list":["post-41084","post","type-post","status-publish","format-standard","has-post-thumbnail","hentry","category-brujula-2026","category-congreso-del-estado-de-tlaxcala"],"amp_enabled":true,"_links":{"self":[{"href":"https:\/\/labestiapolitica.com.mx\/index.php?rest_route=\/wp\/v2\/posts\/41084","targetHints":{"allow":["GET"]}}],"collection":[{"href":"https:\/\/labestiapolitica.com.mx\/index.php?rest_route=\/wp\/v2\/posts"}],"about":[{"href":"https:\/\/labestiapolitica.com.mx\/index.php?rest_route=\/wp\/v2\/types\/post"}],"author":[{"embeddable":true,"href":"https:\/\/labestiapolitica.com.mx\/index.php?rest_route=\/wp\/v2\/users\/5"}],"replies":[{"embeddable":true,"href":"https:\/\/labestiapolitica.com.mx\/index.php?rest_route=%2Fwp%2Fv2%2Fcomments&post=41084"}],"version-history":[{"count":1,"href":"https:\/\/labestiapolitica.com.mx\/index.php?rest_route=\/wp\/v2\/posts\/41084\/revisions"}],"predecessor-version":[{"id":41087,"href":"https:\/\/labestiapolitica.com.mx\/index.php?rest_route=\/wp\/v2\/posts\/41084\/revisions\/41087"}],"wp:featuredmedia":[{"embeddable":true,"href":"https:\/\/labestiapolitica.com.mx\/index.php?rest_route=\/wp\/v2\/media\/41086"}],"wp:attachment":[{"href":"https:\/\/labestiapolitica.com.mx\/index.php?rest_route=%2Fwp%2Fv2%2Fmedia&parent=41084"}],"wp:term":[{"taxonomy":"category","embeddable":true,"href":"https:\/\/labestiapolitica.com.mx\/index.php?rest_route=%2Fwp%2Fv2%2Fcategories&post=41084"},{"taxonomy":"post_tag","embeddable":true,"href":"https:\/\/labestiapolitica.com.mx\/index.php?rest_route=%2Fwp%2Fv2%2Ftags&post=41084"}],"curies":[{"name":"wp","href":"https:\/\/api.w.org\/{rel}","templated":true}]}}