{"id":41085,"date":"2025-04-30T18:43:12","date_gmt":"2025-05-01T00:43:12","guid":{"rendered":"https:\/\/labestiapolitica.com.mx\/?p=41085"},"modified":"2025-05-12T07:41:37","modified_gmt":"2025-05-12T13:41:37","slug":"senado-da-luz-verde-a-sheinbaum-para-ingreso-de-tropas-extranjeras-a-mexico-avalan-ejercicios-con-eu-y-18-paises-mas","status":"publish","type":"post","link":"https:\/\/labestiapolitica.com.mx\/?p=41085","title":{"rendered":"Senado da luz verde a Sheinbaum para ingreso de tropas extranjeras a M\u00e9xico: avalan ejercicios con EU y 18 pa\u00edses m\u00e1s"},"content":{"rendered":"<p class=\"\" data-start=\"193\" data-end=\"555\">En un hecho que marca el inicio de una nueva etapa en la cooperaci\u00f3n militar internacional, el Senado de la Rep\u00fablica autoriz\u00f3 este mi\u00e9rcoles a la presidenta Claudia Sheinbaum Pardo el ingreso de personal militar extranjero a territorio nacional, con fines de adiestramiento y colaboraci\u00f3n en materia de defensa y seguridad.<\/p>\n<p class=\"\" data-start=\"557\" data-end=\"886\">La senadora Ana Lilia Rivera Rivera, presidenta de la Comisi\u00f3n de Defensa Nacional, inform\u00f3 que esta decisi\u00f3n responde a compromisos multilaterales y bilaterales que fortalecer\u00e1n la preparaci\u00f3n operativa de las Fuerzas Armadas mexicanas ante desastres naturales, amenazas transnacionales y situaciones humanitarias de emergencia.<\/p>\n<p class=\"\" data-start=\"888\" data-end=\"1430\">Uno de los ejercicios aprobados es la <strong data-start=\"926\" data-end=\"948\">Operaci\u00f3n P\u00e9ek\u00e1mba<\/strong>, que se realizar\u00e1 del 20 al 26 de julio en el Campo Militar Estrat\u00e9gico Conjunto No. 37-D, en Santa Luc\u00eda, Estado de M\u00e9xico. Este simulacro internacional contar\u00e1 con la participaci\u00f3n de <strong data-start=\"1135\" data-end=\"1165\">176 elementos de 19 pa\u00edses<\/strong>, quienes trabajar\u00e1n en la atenci\u00f3n de una emergencia por sismo de gran magnitud. Cabe destacar que M\u00e9xico ostenta actualmente la presidencia pro tempore de la Conferencia de Ej\u00e9rcitos Americanos, lo que refuerza su liderazgo en la regi\u00f3n en temas de defensa civil.<\/p>\n<p class=\"\" data-start=\"1432\" data-end=\"1803\">El segundo dictamen avalado corresponde al <strong data-start=\"1475\" data-end=\"1516\">Ejercicio Especializado Conjunto 2025<\/strong>, que se llevar\u00e1 a cabo del 7 al 25 de julio en Santa Gertrudis, Chihuahua. En este encuentro participar\u00e1n <strong data-start=\"1623\" data-end=\"1689\">120 efectivos del Comando Norte del Ej\u00e9rcito de Estados Unidos<\/strong>, como parte del plan anual de actividades en el marco de la cooperaci\u00f3n bilateral M\u00e9xico-EU en seguridad militar.<\/p>\n<p class=\"\" data-start=\"1805\" data-end=\"2009\">\u201cAmbas autorizaciones reafirman el compromiso de M\u00e9xico con un entorno regional m\u00e1s seguro y solidario, y permitir\u00e1n un intercambio clave de conocimientos y t\u00e1cticas operativas\u201d, declar\u00f3 Ana Lilia Rivera.<\/p>\n<p class=\"\" data-start=\"2011\" data-end=\"2229\">Con esta decisi\u00f3n, el Senado respalda una pol\u00edtica de defensa moderna, basada en la colaboraci\u00f3n internacional y la preparaci\u00f3n conjunta para enfrentar riesgos globales. \u00bfNuevo paradigma de defensa en la era Sheinbaum?<\/p>\n","protected":false},"excerpt":{"rendered":"<p>En un hecho que marca el inicio de una nueva etapa en la cooperaci\u00f3n militar internacional, el Senado de la Rep\u00fablica autoriz\u00f3 este mi\u00e9rcoles a la presidenta Claudia Sheinbaum Pardo el ingreso de personal militar extranjero a territorio nacional, con fines de adiestramiento y colaboraci\u00f3n en materia de defensa y seguridad. La senadora Ana Lilia [&hellip;]<\/p>\n","protected":false},"author":3,"featured_media":41092,"comment_status":"open","ping_status":"open","sticky":false,"template":"","format":"standard","meta":{"footnotes":""},"categories":[7],"tags":[],"class_list":["post-41085","post","type-post","status-publish","format-standard","has-post-thumbnail","hentry","category-ciudadanos"],"amp_enabled":true,"_links":{"self":[{"href":"https:\/\/labestiapolitica.com.mx\/index.php?rest_route=\/wp\/v2\/posts\/41085","targetHints":{"allow":["GET"]}}],"collection":[{"href":"https:\/\/labestiapolitica.com.mx\/index.php?rest_route=\/wp\/v2\/posts"}],"about":[{"href":"https:\/\/labestiapolitica.com.mx\/index.php?rest_route=\/wp\/v2\/types\/post"}],"author":[{"embeddable":true,"href":"https:\/\/labestiapolitica.com.mx\/index.php?rest_route=\/wp\/v2\/users\/3"}],"replies":[{"embeddable":true,"href":"https:\/\/labestiapolitica.com.mx\/index.php?rest_route=%2Fwp%2Fv2%2Fcomments&post=41085"}],"version-history":[{"count":1,"href":"https:\/\/labestiapolitica.com.mx\/index.php?rest_route=\/wp\/v2\/posts\/41085\/revisions"}],"predecessor-version":[{"id":41093,"href":"https:\/\/labestiapolitica.com.mx\/index.php?rest_route=\/wp\/v2\/posts\/41085\/revisions\/41093"}],"wp:featuredmedia":[{"embeddable":true,"href":"https:\/\/labestiapolitica.com.mx\/index.php?rest_route=\/wp\/v2\/media\/41092"}],"wp:attachment":[{"href":"https:\/\/labestiapolitica.com.mx\/index.php?rest_route=%2Fwp%2Fv2%2Fmedia&parent=41085"}],"wp:term":[{"taxonomy":"category","embeddable":true,"href":"https:\/\/labestiapolitica.com.mx\/index.php?rest_route=%2Fwp%2Fv2%2Fcategories&post=41085"},{"taxonomy":"post_tag","embeddable":true,"href":"https:\/\/labestiapolitica.com.mx\/index.php?rest_route=%2Fwp%2Fv2%2Ftags&post=41085"}],"curies":[{"name":"wp","href":"https:\/\/api.w.org\/{rel}","templated":true}]}}