{"id":41097,"date":"2025-04-30T18:54:36","date_gmt":"2025-05-01T00:54:36","guid":{"rendered":"https:\/\/labestiapolitica.com.mx\/?p=41097"},"modified":"2025-04-30T18:55:39","modified_gmt":"2025-05-01T00:55:39","slug":"ivan-sebastian-sanchez-asume-la-dirigencia-del-instituto-reyes-heroles-tlaxcala-para-impulsar-el-liderazgo-joven","status":"publish","type":"post","link":"https:\/\/labestiapolitica.com.mx\/?p=41097","title":{"rendered":"Iv\u00e1n Sebasti\u00e1n S\u00e1nchez asume la dirigencia del Instituto Reyes Heroles Tlaxcala para impulsar el liderazgo j\u00f3ven"},"content":{"rendered":"<p>Iv\u00e1n Sebasti\u00e1n S\u00e1nchez, licenciado en Ciencias Pol\u00edticas y Administraci\u00f3n P\u00fablica y con una vasta trayectoria en la pol\u00edtica y la administraci\u00f3n p\u00fablica, ha asumido la direcci\u00f3n del Instituto Reyes Heroles en Tlaxcala. Con su nombramiento, se marca el inicio de una nueva etapa en la que se buscar\u00e1 fortalecer el liderazgo de la juventud tlaxcalteca.<\/p>\n<p>\u00abMi compromiso es impulsar una generaci\u00f3n de j\u00f3venes pol\u00edticos preparados y profesionales que puedan enfrentar los retos del futuro\u00bb, coment\u00f3 Iv\u00e1n Sebasti\u00e1n al tomar protesta en su nuevo cargo. Con una formaci\u00f3n acad\u00e9mica s\u00f3lida y una experiencia que abarca desde su participaci\u00f3n en el Observatorio Electoral hasta su trabajo en diversas instituciones p\u00fablicas, Iv\u00e1n se ha distinguido por su enfoque en la transparencia, la rendici\u00f3n de cuentas y el fortalecimiento de las instituciones.<\/p>\n<p>En su nuevo rol, trabajar\u00e1 en la profesionalizaci\u00f3n de la pol\u00edtica en Tlaxcala, fomentando el desarrollo de habilidades pol\u00edticas, administrativas y de liderazgo entre los j\u00f3venes. \u00abLa profesionalizaci\u00f3n es esencial para el futuro pol\u00edtico del pa\u00eds. Seguiremos construyendo el liderazgo que M\u00e9xico necesita\u00bb, asegur\u00f3.<\/p>\n<p>Con el apoyo de todos los miembros del Instituto, Iv\u00e1n Sebasti\u00e1n S\u00e1nchez est\u00e1 listo para encabezar los proyectos que llevar\u00e1n a los j\u00f3venes tlaxcaltecas a nuevos horizontes en la pol\u00edtica, asegurando que la pr\u00f3xima generaci\u00f3n de l\u00edderes est\u00e9 bien preparada para enfrentar los desaf\u00edos del futuro.<\/p>\n","protected":false},"excerpt":{"rendered":"<p>Iv\u00e1n Sebasti\u00e1n S\u00e1nchez, licenciado en Ciencias Pol\u00edticas y Administraci\u00f3n P\u00fablica y con una vasta trayectoria en la pol\u00edtica y la administraci\u00f3n p\u00fablica, ha asumido la direcci\u00f3n del Instituto Reyes Heroles en Tlaxcala. Con su nombramiento, se marca el inicio de una nueva etapa en la que se buscar\u00e1 fortalecer el liderazgo de la juventud tlaxcalteca. [&hellip;]<\/p>\n","protected":false},"author":3,"featured_media":41098,"comment_status":"open","ping_status":"open","sticky":false,"template":"","format":"standard","meta":{"footnotes":""},"categories":[1],"tags":[],"class_list":["post-41097","post","type-post","status-publish","format-standard","has-post-thumbnail","hentry","category-uncategorized"],"amp_enabled":true,"_links":{"self":[{"href":"https:\/\/labestiapolitica.com.mx\/index.php?rest_route=\/wp\/v2\/posts\/41097","targetHints":{"allow":["GET"]}}],"collection":[{"href":"https:\/\/labestiapolitica.com.mx\/index.php?rest_route=\/wp\/v2\/posts"}],"about":[{"href":"https:\/\/labestiapolitica.com.mx\/index.php?rest_route=\/wp\/v2\/types\/post"}],"author":[{"embeddable":true,"href":"https:\/\/labestiapolitica.com.mx\/index.php?rest_route=\/wp\/v2\/users\/3"}],"replies":[{"embeddable":true,"href":"https:\/\/labestiapolitica.com.mx\/index.php?rest_route=%2Fwp%2Fv2%2Fcomments&post=41097"}],"version-history":[{"count":2,"href":"https:\/\/labestiapolitica.com.mx\/index.php?rest_route=\/wp\/v2\/posts\/41097\/revisions"}],"predecessor-version":[{"id":41100,"href":"https:\/\/labestiapolitica.com.mx\/index.php?rest_route=\/wp\/v2\/posts\/41097\/revisions\/41100"}],"wp:featuredmedia":[{"embeddable":true,"href":"https:\/\/labestiapolitica.com.mx\/index.php?rest_route=\/wp\/v2\/media\/41098"}],"wp:attachment":[{"href":"https:\/\/labestiapolitica.com.mx\/index.php?rest_route=%2Fwp%2Fv2%2Fmedia&parent=41097"}],"wp:term":[{"taxonomy":"category","embeddable":true,"href":"https:\/\/labestiapolitica.com.mx\/index.php?rest_route=%2Fwp%2Fv2%2Fcategories&post=41097"},{"taxonomy":"post_tag","embeddable":true,"href":"https:\/\/labestiapolitica.com.mx\/index.php?rest_route=%2Fwp%2Fv2%2Ftags&post=41097"}],"curies":[{"name":"wp","href":"https:\/\/api.w.org\/{rel}","templated":true}]}}