{"id":41112,"date":"2025-05-02T12:20:14","date_gmt":"2025-05-02T18:20:14","guid":{"rendered":"https:\/\/labestiapolitica.com.mx\/?p=41112"},"modified":"2025-05-02T12:20:14","modified_gmt":"2025-05-02T18:20:14","slug":"el-pan-tlaxcala-celebra-el-dia-de-la-ninez-con-literatura-arte-y-alegria","status":"publish","type":"post","link":"https:\/\/labestiapolitica.com.mx\/?p=41112","title":{"rendered":"El PAN Tlaxcala celebra el D\u00eda de la Ni\u00f1ez con literatura, arte y alegr\u00eda."},"content":{"rendered":"<p style=\"text-align: justify;\">Con una amplia participaci\u00f3n infantil y en un ambiente lleno de entusiasmo.<\/p>\n<p style=\"text-align: justify;\">El Comit\u00e9 Directivo Estatal del Partido Acci\u00f3n Nacional (PAN) en Tlaxcala celebr\u00f3 este 30 de abril el D\u00eda de la Ni\u00f1a y el Ni\u00f1o, apostando por la cultura como una v\u00eda para fortalecer el desarrollo integral de la infancia.<\/p>\n<p style=\"text-align: justify;\">En las instalaciones de la sede estatal del PAN, alrededor de 100 ni\u00f1as y ni\u00f1os disfrutaron de una emotiva y significativa presentaci\u00f3n del libro \u201cLos Astronautas\u201d, de la destacada escritora tlaxcalteca Ana Edith S\u00e1nchez S\u00e1nchez, quien ha dedicado gran parte de su obra al p\u00fablico infantil y juvenil.<br \/>\nLa presentaci\u00f3n estuvo a cargo del lector, corrector de estilo y promotor cultural Francisco Varela Ibarra, reconocido por su compromiso con la difusi\u00f3n literaria en Tlaxcala.<br \/>\nComo parte de esta celebraci\u00f3n, las y los peque\u00f1os recibieron obsequios entregados por la diputada panista Miriam Mart\u00ednez, as\u00ed como refrigerios y presentes que fueron disfrutados por los asistentes, en un entorno donde la imaginaci\u00f3n, la lectura y la convivencia fueron protagonistas.<br \/>\n\u201cEste tipo de actividades reflejan el compromiso que tenemos con la ni\u00f1ez tlaxcalteca. Creemos firmemente que el acceso a la cultura no debe ser un privilegio, sino un derecho que fortalezca su crecimiento emocional, intelectual y social\u201d, se\u00f1al\u00f3 el presidente estatal del PAN, \u00c1ngelo Guti\u00e9rrez Hern\u00e1ndez.<br \/>\nLa obra presentada, \u201cLos Astronautas\u201d, re\u00fane textos de Ana Edith S\u00e1nchez S\u00e1nchez y la ilustraci\u00f3n de 11 artistas tlaxcaltecas, quienes plasmaron su talento pensando en los lectores m\u00e1s exigentes: las ni\u00f1as y los ni\u00f1os. Esta actividad fue impulsada por la Secretar\u00eda de Vinculaci\u00f3n con la Sociedad del PAN, como parte de su misi\u00f3n de acercar el arte y la literatura a todos los sectores de la ciudadan\u00eda.<br \/>\nOriginaria de Apizaco, Ana Edith S\u00e1nchez S\u00e1nchez es licenciada en Literatura Hispanoamericana por la UAT. Poeta, cuentista y ensayista, ha sido reconocida con el Premio Dolores Castro 2002, el Premio Nacional de Cuento de Escritoras Mexicanas 2018, y el Premio Internacional de Cuento \u201cCuando te vuelva a ver\u201d 2020.<br \/>\nCuenta con una prol\u00edfica producci\u00f3n literaria en 17 libros, destacando obras como \u201cLos alacranes no besan\u201d, \u201cDimensi\u00f3n fugaz\u201d y \u201cLa mujer rota\u201d. Su trabajo ha sido antologado y presentado en importantes foros nacionales e internacionales, incluyendo la FIL Guadalajara, Bellas Artes, y espacios universitarios en M\u00e9xico y el extranjero.<br \/>\nCorrector de estilo, lector apasionado y divulgador literario, Francisco Varela Ibarra ha realizado presentaciones y comentarios de libros en foros de Tlaxcala, Puebla y Ciudad de M\u00e9xico. Con una sensibilidad especial para la oralidad, fue voz de leyendas tlaxcaltecas en la Hora Nacional, y ha sido figura destacada en espacios culturales que promueven la lectura y la reflexi\u00f3n.<br \/>\nCon esta jornada de festejo y literatura, el PAN Tlaxcala reafirma su compromiso con una ni\u00f1ez feliz, educada y cercana a las expresiones art\u00edsticas que enriquecen el alma y transforman sociedades.<\/p>\n<p>&nbsp;<\/p>\n<p><img loading=\"lazy\" decoding=\"async\" class=\"alignnone wp-image-28405 size-full\" src=\"https:\/\/labestiapolitica.com.mx\/wp-content\/uploads\/2024\/06\/U-NOVA-y-se-diferente.png\" alt=\"\" width=\"1000\" height=\"600\" srcset=\"https:\/\/labestiapolitica.com.mx\/wp-content\/uploads\/2024\/06\/U-NOVA-y-se-diferente.png 1000w, https:\/\/labestiapolitica.com.mx\/wp-content\/uploads\/2024\/06\/U-NOVA-y-se-diferente-300x180.png 300w, https:\/\/labestiapolitica.com.mx\/wp-content\/uploads\/2024\/06\/U-NOVA-y-se-diferente-768x461.png 768w\" sizes=\"auto, (max-width: 1000px) 100vw, 1000px\" \/><\/p>\n","protected":false},"excerpt":{"rendered":"<p>Con una amplia participaci\u00f3n infantil y en un ambiente lleno de entusiasmo. El Comit\u00e9 Directivo Estatal del Partido Acci\u00f3n Nacional (PAN) en Tlaxcala celebr\u00f3 este 30 de abril el D\u00eda de la Ni\u00f1a y el Ni\u00f1o, apostando por la cultura como una v\u00eda para fortalecer el desarrollo integral de la infancia. En las instalaciones de [&hellip;]<\/p>\n","protected":false},"author":5,"featured_media":41113,"comment_status":"open","ping_status":"open","sticky":false,"template":"","format":"standard","meta":{"footnotes":""},"categories":[7],"tags":[],"class_list":["post-41112","post","type-post","status-publish","format-standard","has-post-thumbnail","hentry","category-ciudadanos"],"amp_enabled":true,"_links":{"self":[{"href":"https:\/\/labestiapolitica.com.mx\/index.php?rest_route=\/wp\/v2\/posts\/41112","targetHints":{"allow":["GET"]}}],"collection":[{"href":"https:\/\/labestiapolitica.com.mx\/index.php?rest_route=\/wp\/v2\/posts"}],"about":[{"href":"https:\/\/labestiapolitica.com.mx\/index.php?rest_route=\/wp\/v2\/types\/post"}],"author":[{"embeddable":true,"href":"https:\/\/labestiapolitica.com.mx\/index.php?rest_route=\/wp\/v2\/users\/5"}],"replies":[{"embeddable":true,"href":"https:\/\/labestiapolitica.com.mx\/index.php?rest_route=%2Fwp%2Fv2%2Fcomments&post=41112"}],"version-history":[{"count":1,"href":"https:\/\/labestiapolitica.com.mx\/index.php?rest_route=\/wp\/v2\/posts\/41112\/revisions"}],"predecessor-version":[{"id":41114,"href":"https:\/\/labestiapolitica.com.mx\/index.php?rest_route=\/wp\/v2\/posts\/41112\/revisions\/41114"}],"wp:featuredmedia":[{"embeddable":true,"href":"https:\/\/labestiapolitica.com.mx\/index.php?rest_route=\/wp\/v2\/media\/41113"}],"wp:attachment":[{"href":"https:\/\/labestiapolitica.com.mx\/index.php?rest_route=%2Fwp%2Fv2%2Fmedia&parent=41112"}],"wp:term":[{"taxonomy":"category","embeddable":true,"href":"https:\/\/labestiapolitica.com.mx\/index.php?rest_route=%2Fwp%2Fv2%2Fcategories&post=41112"},{"taxonomy":"post_tag","embeddable":true,"href":"https:\/\/labestiapolitica.com.mx\/index.php?rest_route=%2Fwp%2Fv2%2Ftags&post=41112"}],"curies":[{"name":"wp","href":"https:\/\/api.w.org\/{rel}","templated":true}]}}