{"id":41144,"date":"2025-05-02T16:57:06","date_gmt":"2025-05-02T22:57:06","guid":{"rendered":"https:\/\/labestiapolitica.com.mx\/?p=41144"},"modified":"2025-05-02T16:57:12","modified_gmt":"2025-05-02T22:57:12","slug":"concluyo-jornada-de-actividades-de-la-cedht-con-mujeres-con-discapacidad-auditiva","status":"publish","type":"post","link":"https:\/\/labestiapolitica.com.mx\/?p=41144","title":{"rendered":"Concluy\u00f3 jornada de actividades de la CEDHT con mujeres con discapacidad auditiva."},"content":{"rendered":"<ul>\n<li style=\"text-align: justify;\"><em>Durante 10 meses hubo reuniones de trabajo que sirvieron para conformar un grupo de apoyo y gesti\u00f3n<\/em><\/li>\n<\/ul>\n<p style=\"text-align: justify;\">Como parte del trabajo que realiza la Comisi\u00f3n Estatal de Derechos Humanos de Tlaxcala (CEDHT) con grupos prioritarios, en junio de 2024 inici\u00f3 una serie de actividades con mujeres con discapacidad auditiva, entre ellas, un programa de capacitaci\u00f3n, pl\u00e1ticas, gesti\u00f3n de apoyos, las cuales concluyeron recientemente con la entrega de reconocimientos a las participantes y la conformaci\u00f3n de un grupo de apoyo y gesti\u00f3n que mantendr\u00e1 sus acciones.<\/p>\n<p style=\"text-align: justify;\">Desde el inicio de las actividades, las 24 mujeres con discapacidad auditiva que se unieron a estos trabajos, le expresaron a la presidenta de la CEDHT, Jakqueline Ordo\u00f1ez Brasdefer, las problem\u00e1ticas que enfrentan en su vida cotidiana y la necesidad de que \u00e9stas se visibilicen para tener un goce pleno de sus derechos, as\u00ed como una vida digna.<\/p>\n<p style=\"text-align: justify;\">Las mujeres conocieron los servicios del organismo aut\u00f3nomo y la forma en que les dar\u00eda acompa\u00f1amiento para tener acceso a las diferentes instituciones p\u00fablicas donde expongan su situaci\u00f3n y lo que requieren de ellas para acceder a apoyos y atenci\u00f3n para ellas y sus familias.<\/p>\n<p style=\"text-align: justify;\">En este trabajo particip\u00f3 la Consejera Consultiva de la CEDHT Geovanny P\u00e9rez L\u00f3pez, y se cont\u00f3 con la facilitaci\u00f3n en la comunicaci\u00f3n por parte de Adriana Tecpa Sartillo, Karla Brigette P\u00e9rez Guzm\u00e1n (mujeres sordas) y Mar\u00eda Elena Teloxa D\u00edaz.<\/p>\n<p style=\"text-align: justify;\">Las mujeres sordas expusieron que desconocen sus derechos y que sus oportunidades son limitadas; indicaron que enfrentan violencia en sus entornos laborales, en el acceso a la educaci\u00f3n, a la salud, en el acceso y respeto en el transporte p\u00fablico, as\u00ed como acceso a la informaci\u00f3n, ya que no les es brindada de forma clara en las instituciones p\u00fablicas, entre otras cosas.<\/p>\n<p style=\"text-align: justify;\">En este contexto, la presidenta del organismo aut\u00f3nomo indic\u00f3 que es necesario llevar a cabo varias acciones, para concientizar a las personas del servicio p\u00fablico y a la sociedad en general la urgencia de contar con int\u00e9rpretes de la lengua de se\u00f1as mexicana para facilitar la comunicaci\u00f3n, as\u00ed como la generaci\u00f3n de pol\u00edticas p\u00fablicas incluyentes sobre los derechos humanos de las mujeres con discapacidad.<\/p>\n<p style=\"text-align: justify;\">Por su parte, la Consejera Consultiva Geovanny P\u00e9rez L\u00f3pez, enfatiz\u00f3 la necesidad de generar proyectos incluyentes y buscar que las autoridades brinden la atenci\u00f3n que necesitan las personas sordas y, en espec\u00edfico, las mujeres.<\/p>\n<p style=\"text-align: justify;\">En todo este tiempo, la CEDHT dio seguimiento a las necesidades planteadas con relaci\u00f3n a sus derechos humanos, de acuerdo con la competencia del organismo aut\u00f3nomo, adem\u00e1s busc\u00f3 convenios de colaboraci\u00f3n con otras autoridades y canalizaci\u00f3n a las peticiones de \u00e9stas para que sean atendidas.<\/p>\n<p style=\"text-align: justify;\">En la clausura de las actividades enfatizaron la participaci\u00f3n de las mujeres para que ellas mismas sean promotoras y protectoras, dentro de la comunidad de personas sordas, de sus derechos humanos, por lo que recibieron reconocimientos por su trabajo constante.<\/p>\n<p>&nbsp;<\/p>\n<p><img loading=\"lazy\" decoding=\"async\" class=\"alignnone wp-image-28405 size-full\" src=\"https:\/\/labestiapolitica.com.mx\/wp-content\/uploads\/2024\/06\/U-NOVA-y-se-diferente.png\" alt=\"\" width=\"1000\" height=\"600\" srcset=\"https:\/\/labestiapolitica.com.mx\/wp-content\/uploads\/2024\/06\/U-NOVA-y-se-diferente.png 1000w, https:\/\/labestiapolitica.com.mx\/wp-content\/uploads\/2024\/06\/U-NOVA-y-se-diferente-300x180.png 300w, https:\/\/labestiapolitica.com.mx\/wp-content\/uploads\/2024\/06\/U-NOVA-y-se-diferente-768x461.png 768w\" sizes=\"auto, (max-width: 1000px) 100vw, 1000px\" \/><\/p>\n","protected":false},"excerpt":{"rendered":"<p>Durante 10 meses hubo reuniones de trabajo que sirvieron para conformar un grupo de apoyo y gesti\u00f3n Como parte del trabajo que realiza la Comisi\u00f3n Estatal de Derechos Humanos de Tlaxcala (CEDHT) con grupos prioritarios, en junio de 2024 inici\u00f3 una serie de actividades con mujeres con discapacidad auditiva, entre ellas, un programa de capacitaci\u00f3n, [&hellip;]<\/p>\n","protected":false},"author":5,"featured_media":41145,"comment_status":"open","ping_status":"open","sticky":false,"template":"","format":"standard","meta":{"footnotes":""},"categories":[7,232],"tags":[],"class_list":["post-41144","post","type-post","status-publish","format-standard","has-post-thumbnail","hentry","category-ciudadanos","category-derechos-humanos-tlaxcala"],"amp_enabled":true,"_links":{"self":[{"href":"https:\/\/labestiapolitica.com.mx\/index.php?rest_route=\/wp\/v2\/posts\/41144","targetHints":{"allow":["GET"]}}],"collection":[{"href":"https:\/\/labestiapolitica.com.mx\/index.php?rest_route=\/wp\/v2\/posts"}],"about":[{"href":"https:\/\/labestiapolitica.com.mx\/index.php?rest_route=\/wp\/v2\/types\/post"}],"author":[{"embeddable":true,"href":"https:\/\/labestiapolitica.com.mx\/index.php?rest_route=\/wp\/v2\/users\/5"}],"replies":[{"embeddable":true,"href":"https:\/\/labestiapolitica.com.mx\/index.php?rest_route=%2Fwp%2Fv2%2Fcomments&post=41144"}],"version-history":[{"count":2,"href":"https:\/\/labestiapolitica.com.mx\/index.php?rest_route=\/wp\/v2\/posts\/41144\/revisions"}],"predecessor-version":[{"id":41147,"href":"https:\/\/labestiapolitica.com.mx\/index.php?rest_route=\/wp\/v2\/posts\/41144\/revisions\/41147"}],"wp:featuredmedia":[{"embeddable":true,"href":"https:\/\/labestiapolitica.com.mx\/index.php?rest_route=\/wp\/v2\/media\/41145"}],"wp:attachment":[{"href":"https:\/\/labestiapolitica.com.mx\/index.php?rest_route=%2Fwp%2Fv2%2Fmedia&parent=41144"}],"wp:term":[{"taxonomy":"category","embeddable":true,"href":"https:\/\/labestiapolitica.com.mx\/index.php?rest_route=%2Fwp%2Fv2%2Fcategories&post=41144"},{"taxonomy":"post_tag","embeddable":true,"href":"https:\/\/labestiapolitica.com.mx\/index.php?rest_route=%2Fwp%2Fv2%2Ftags&post=41144"}],"curies":[{"name":"wp","href":"https:\/\/api.w.org\/{rel}","templated":true}]}}