{"id":41148,"date":"2025-05-02T17:03:43","date_gmt":"2025-05-02T23:03:43","guid":{"rendered":"https:\/\/labestiapolitica.com.mx\/?p=41148"},"modified":"2025-05-02T17:03:43","modified_gmt":"2025-05-02T23:03:43","slug":"ayuntamiento-de-panotla-realiza-faenas-de-limpieza-en-espacios-publicos-clave-del-municipio","status":"publish","type":"post","link":"https:\/\/labestiapolitica.com.mx\/?p=41148","title":{"rendered":"Ayuntamiento de Panotla realiza faenas de limpieza en espacios p\u00fablicos clave del municipio."},"content":{"rendered":"<p style=\"text-align: justify;\">El Ayuntamiento de Panotla, encabezado por el presidente municipal Idelfonso Carro Rold\u00e1n, llev\u00f3 a cabo este viernes una jornada intensiva de faenas de limpieza en dos puntos estrat\u00e9gicos del municipio: el Pante\u00f3n 01 de la cabecera municipal y el r\u00edo que atraviesa las comunidades de Acatitla y Tezoquipan.<br \/>\nEstas acciones forman parte del compromiso del gobierno municipal con la mejora continua de los espacios p\u00fablicos, buscando no solo mantenerlos en condiciones \u00f3ptimas, sino tambi\u00e9n fomentar la participaci\u00f3n activa del personal y la conciencia comunitaria.<br \/>\nEn el Pante\u00f3n 01, se realizaron labores de deshierbe, recolecci\u00f3n de basura, limpieza de pasillos y mantenimiento general del \u00e1rea, con el objetivo de dignificar un espacio de gran importancia cultural y social para las familias panotlenses.<br \/>\nPosteriormente, en una segunda faena del d\u00eda, las brigadas municipales se trasladaron a las inmediaciones del r\u00edo que conecta Acatitla y Tezoquipan, donde se efectuaron trabajos de saneamiento y retiro de residuos s\u00f3lidos, contribuyendo as\u00ed a la preservaci\u00f3n del entorno natural y la prevenci\u00f3n de focos de contaminaci\u00f3n.<br \/>\nEl presidente municipal, Idelfonso Carro Rold\u00e1n, destac\u00f3 que estas acciones reflejan el compromiso de su administraci\u00f3n con el orden, la limpieza y el bienestar de las comunidades. \u201cSeguiremos impulsando este tipo de actividades que benefician directamente a la ciudadan\u00eda y promueven el respeto por nuestros espacios comunes\u201d, se\u00f1al\u00f3.<br \/>\nEl Ayuntamiento de Panotla reafirma su disposici\u00f3n de seguir trabajando por un municipio m\u00e1s limpio, seguro y digno para todas y todos.<\/p>\n<p>&nbsp;<\/p>\n<p><img loading=\"lazy\" decoding=\"async\" class=\"alignnone wp-image-28405 size-full\" src=\"https:\/\/labestiapolitica.com.mx\/wp-content\/uploads\/2024\/06\/U-NOVA-y-se-diferente.png\" alt=\"\" width=\"1000\" height=\"600\" srcset=\"https:\/\/labestiapolitica.com.mx\/wp-content\/uploads\/2024\/06\/U-NOVA-y-se-diferente.png 1000w, https:\/\/labestiapolitica.com.mx\/wp-content\/uploads\/2024\/06\/U-NOVA-y-se-diferente-300x180.png 300w, https:\/\/labestiapolitica.com.mx\/wp-content\/uploads\/2024\/06\/U-NOVA-y-se-diferente-768x461.png 768w\" sizes=\"auto, (max-width: 1000px) 100vw, 1000px\" \/><\/p>\n","protected":false},"excerpt":{"rendered":"<p>El Ayuntamiento de Panotla, encabezado por el presidente municipal Idelfonso Carro Rold\u00e1n, llev\u00f3 a cabo este viernes una jornada intensiva de faenas de limpieza en dos puntos estrat\u00e9gicos del municipio: el Pante\u00f3n 01 de la cabecera municipal y el r\u00edo que atraviesa las comunidades de Acatitla y Tezoquipan. Estas acciones forman parte del compromiso del [&hellip;]<\/p>\n","protected":false},"author":5,"featured_media":41149,"comment_status":"open","ping_status":"open","sticky":false,"template":"","format":"standard","meta":{"footnotes":""},"categories":[7,216,237],"tags":[],"class_list":["post-41148","post","type-post","status-publish","format-standard","has-post-thumbnail","hentry","category-ciudadanos","category-municipios","category-panotla"],"amp_enabled":true,"_links":{"self":[{"href":"https:\/\/labestiapolitica.com.mx\/index.php?rest_route=\/wp\/v2\/posts\/41148","targetHints":{"allow":["GET"]}}],"collection":[{"href":"https:\/\/labestiapolitica.com.mx\/index.php?rest_route=\/wp\/v2\/posts"}],"about":[{"href":"https:\/\/labestiapolitica.com.mx\/index.php?rest_route=\/wp\/v2\/types\/post"}],"author":[{"embeddable":true,"href":"https:\/\/labestiapolitica.com.mx\/index.php?rest_route=\/wp\/v2\/users\/5"}],"replies":[{"embeddable":true,"href":"https:\/\/labestiapolitica.com.mx\/index.php?rest_route=%2Fwp%2Fv2%2Fcomments&post=41148"}],"version-history":[{"count":1,"href":"https:\/\/labestiapolitica.com.mx\/index.php?rest_route=\/wp\/v2\/posts\/41148\/revisions"}],"predecessor-version":[{"id":41150,"href":"https:\/\/labestiapolitica.com.mx\/index.php?rest_route=\/wp\/v2\/posts\/41148\/revisions\/41150"}],"wp:featuredmedia":[{"embeddable":true,"href":"https:\/\/labestiapolitica.com.mx\/index.php?rest_route=\/wp\/v2\/media\/41149"}],"wp:attachment":[{"href":"https:\/\/labestiapolitica.com.mx\/index.php?rest_route=%2Fwp%2Fv2%2Fmedia&parent=41148"}],"wp:term":[{"taxonomy":"category","embeddable":true,"href":"https:\/\/labestiapolitica.com.mx\/index.php?rest_route=%2Fwp%2Fv2%2Fcategories&post=41148"},{"taxonomy":"post_tag","embeddable":true,"href":"https:\/\/labestiapolitica.com.mx\/index.php?rest_route=%2Fwp%2Fv2%2Ftags&post=41148"}],"curies":[{"name":"wp","href":"https:\/\/api.w.org\/{rel}","templated":true}]}}