{"id":41367,"date":"2025-05-08T18:16:25","date_gmt":"2025-05-09T00:16:25","guid":{"rendered":"https:\/\/labestiapolitica.com.mx\/?p=41367"},"modified":"2025-05-11T21:05:50","modified_gmt":"2025-05-12T03:05:50","slug":"%f0%9f%9a%a8-atiende-policia-municipal-y-proteccion-civil-de-huamantla-accidente-en-cruce-ferroviario-%f0%9f%9a%a8","status":"publish","type":"post","link":"https:\/\/labestiapolitica.com.mx\/?p=41367","title":{"rendered":"\ud83d\udea8 Atiende Polic\u00eda Municipal y Protecci\u00f3n Civil de Huamantla accidente en cruce ferroviario \ud83d\udea8"},"content":{"rendered":"<p class=\"\" data-start=\"0\" data-end=\"98\">\ud83d\udea8 <strong data-start=\"3\" data-end=\"95\">Atiende Polic\u00eda Municipal y Protecci\u00f3n Civil de Huamantla accidente en cruce ferroviario<\/strong> \ud83d\udea8<\/p>\n<p class=\"\" data-start=\"100\" data-end=\"414\">La ma\u00f1ana de este jueves, elementos de la Direcci\u00f3n de Seguridad P\u00fablica y de la Coordinaci\u00f3n de Protecci\u00f3n Civil del municipio de Huamantla atendieron oportunamente un accidente vial registrado en el cruce ferroviario ubicado sobre la carretera Huamantla-El Carmen Xalpatlahuaya, a la altura de las v\u00edas del tren.<\/p>\n<p class=\"\" data-start=\"416\" data-end=\"697\">El percance, que involucr\u00f3 a una locomotora y un cami\u00f3n de carga marca Freightliner propiedad de una empresa privada, dej\u00f3 como saldo una persona lesionada. De acuerdo con testigos, el conductor del cami\u00f3n habr\u00eda intentado ganarle el paso al tren, lo que provoc\u00f3 el fuerte impacto.<\/p>\n<p class=\"\" data-start=\"699\" data-end=\"1018\">La persona lesionada fue un hombre de 26 a\u00f1os de edad, originario del municipio de Yauhquemehcan, quien fue atendido de inmediato por elementos de Protecci\u00f3n Civil de Huamantla. Posteriormente, fue trasladado por param\u00e9dicos de la Cruz Roja a la Cl\u00ednica 2 del IMSS en Apizaco para recibir atenci\u00f3n m\u00e9dica especializada.<\/p>\n<p class=\"\" data-start=\"1020\" data-end=\"1195\">La Guardia Nacional acudi\u00f3 al sitio para tomar conocimiento de los hechos y colaborar en el resguardo del \u00e1rea, a fin de garantizar la seguridad vial y ferroviaria en la zona.<\/p>\n<p class=\"\" data-start=\"1197\" data-end=\"1447\">Ante estos hechos, el Gobierno Municipal de Huamantla exhorta a los conductores y peatones a extremar precauciones al transitar cerca de cruces ferroviarios, respetar las se\u00f1ales de tr\u00e1nsito y evitar maniobras riesgosas que pongan en peligro la vida.<\/p>\n<p class=\"\" data-start=\"1449\" data-end=\"1526\">#LaBestiaPoliticaHuamantla<br data-start=\"1475\" data-end=\"1478\" \/>@Gobierno Municipal de Huamantla<br data-start=\"1510\" data-end=\"1513\" \/>@ChavaSantosC<\/p>\n<p class=\"\" data-start=\"1528\" data-end=\"1582\">\u00bfDeseas una versi\u00f3n corta para redes sociales t<\/p>\n","protected":false},"excerpt":{"rendered":"<p>\ud83d\udea8 Atiende Polic\u00eda Municipal y Protecci\u00f3n Civil de Huamantla accidente en cruce ferroviario \ud83d\udea8 La ma\u00f1ana de este jueves, elementos de la Direcci\u00f3n de Seguridad P\u00fablica y de la Coordinaci\u00f3n de Protecci\u00f3n Civil del municipio de Huamantla atendieron oportunamente un accidente vial registrado en el cruce ferroviario ubicado sobre la carretera Huamantla-El Carmen Xalpatlahuaya, a [&hellip;]<\/p>\n","protected":false},"author":3,"featured_media":41372,"comment_status":"open","ping_status":"open","sticky":false,"template":"","format":"standard","meta":{"footnotes":""},"categories":[12,220,216],"tags":[],"class_list":["post-41367","post","type-post","status-publish","format-standard","has-post-thumbnail","hentry","category-brujula-2026","category-huamantla","category-municipios"],"amp_enabled":true,"_links":{"self":[{"href":"https:\/\/labestiapolitica.com.mx\/index.php?rest_route=\/wp\/v2\/posts\/41367","targetHints":{"allow":["GET"]}}],"collection":[{"href":"https:\/\/labestiapolitica.com.mx\/index.php?rest_route=\/wp\/v2\/posts"}],"about":[{"href":"https:\/\/labestiapolitica.com.mx\/index.php?rest_route=\/wp\/v2\/types\/post"}],"author":[{"embeddable":true,"href":"https:\/\/labestiapolitica.com.mx\/index.php?rest_route=\/wp\/v2\/users\/3"}],"replies":[{"embeddable":true,"href":"https:\/\/labestiapolitica.com.mx\/index.php?rest_route=%2Fwp%2Fv2%2Fcomments&post=41367"}],"version-history":[{"count":1,"href":"https:\/\/labestiapolitica.com.mx\/index.php?rest_route=\/wp\/v2\/posts\/41367\/revisions"}],"predecessor-version":[{"id":41373,"href":"https:\/\/labestiapolitica.com.mx\/index.php?rest_route=\/wp\/v2\/posts\/41367\/revisions\/41373"}],"wp:featuredmedia":[{"embeddable":true,"href":"https:\/\/labestiapolitica.com.mx\/index.php?rest_route=\/wp\/v2\/media\/41372"}],"wp:attachment":[{"href":"https:\/\/labestiapolitica.com.mx\/index.php?rest_route=%2Fwp%2Fv2%2Fmedia&parent=41367"}],"wp:term":[{"taxonomy":"category","embeddable":true,"href":"https:\/\/labestiapolitica.com.mx\/index.php?rest_route=%2Fwp%2Fv2%2Fcategories&post=41367"},{"taxonomy":"post_tag","embeddable":true,"href":"https:\/\/labestiapolitica.com.mx\/index.php?rest_route=%2Fwp%2Fv2%2Ftags&post=41367"}],"curies":[{"name":"wp","href":"https:\/\/api.w.org\/{rel}","templated":true}]}}