{"id":41402,"date":"2025-05-09T13:47:58","date_gmt":"2025-05-09T19:47:58","guid":{"rendered":"https:\/\/labestiapolitica.com.mx\/?p=41402"},"modified":"2025-06-24T11:46:16","modified_gmt":"2025-06-24T17:46:16","slug":"%f0%9f%8e%93-inicia-immmun-2025-una-experiencia-de-liderazgo-y-diplomacia-internacional","status":"publish","type":"post","link":"https:\/\/labestiapolitica.com.mx\/?p=41402","title":{"rendered":"\ud83c\udf93 Inicia IMMMUN 2025: una experiencia de liderazgo y diplomacia internacional"},"content":{"rendered":"<p class=\"\" style=\"text-align: justify;\" data-start=\"240\" data-end=\"482\">El Instituto Metropolitano de Monterrey dio inicio al <strong data-start=\"294\" data-end=\"345\">D\u00eda 1 del Modelo de Naciones Unidas IMMMUN 2025<\/strong>, un espacio que trasciende lo acad\u00e9mico y se convierte en una plataforma de di\u00e1logo, reflexi\u00f3n y formaci\u00f3n de l\u00edderes con visi\u00f3n global.<\/p>\n<p class=\"\" style=\"text-align: justify;\" data-start=\"741\" data-end=\"952\">El evento refleja el compromiso del @UMTlaxcala con la formaci\u00f3n integral de sus estudiantes, desarrollando no solo habilidades acad\u00e9micas, sino tambi\u00e9n valores de liderazgo, responsabilidad y ciudadan\u00eda global.<\/p>\n<p class=\"\" style=\"text-align: justify;\" data-start=\"954\" data-end=\"1257\">\u201cEsta experiencia marcar\u00e1 una etapa significativa en sus vidas\u201d, se\u00f1alaron autoridades educativas durante la bienvenida oficial. IMMMUN 2025 no solo promueve el pensamiento estrat\u00e9gico, sino tambi\u00e9n el entendimiento cultural y la empat\u00eda, cualidades esenciales para los l\u00edderes del presente y el futuro.<\/p>\n<p class=\"\" style=\"text-align: justify;\" data-start=\"1259\" data-end=\"1344\">\u00a1Bienvenidas y bienvenidos todos los delegados que hoy forman parte de esta historia!<\/p>\n<p class=\"\" style=\"text-align: justify;\" data-start=\"1346\" data-end=\"1470\">#LaBestiaPoliticaUMTlx #UniversidadMetropolitanadeTlaxcalaMedios<br data-start=\"1410\" data-end=\"1413\" \/>@UMTlaxcala<br data-start=\"1424\" data-end=\"1427\" \/>#IMM #UMT #OrgullosamenteLinces #IMMMUN2025<\/p>\n<p data-start=\"1346\" data-end=\"1470\"><img loading=\"lazy\" decoding=\"async\" class=\"alignnone size-full wp-image-41404\" src=\"https:\/\/labestiapolitica.com.mx\/wp-content\/uploads\/2025\/05\/2-10.png\" alt=\"\" width=\"2000\" height=\"1200\" srcset=\"https:\/\/labestiapolitica.com.mx\/wp-content\/uploads\/2025\/05\/2-10.png 2000w, https:\/\/labestiapolitica.com.mx\/wp-content\/uploads\/2025\/05\/2-10-300x180.png 300w, https:\/\/labestiapolitica.com.mx\/wp-content\/uploads\/2025\/05\/2-10-1024x614.png 1024w, https:\/\/labestiapolitica.com.mx\/wp-content\/uploads\/2025\/05\/2-10-768x461.png 768w, https:\/\/labestiapolitica.com.mx\/wp-content\/uploads\/2025\/05\/2-10-1536x922.png 1536w\" sizes=\"auto, (max-width: 2000px) 100vw, 2000px\" \/> <img loading=\"lazy\" decoding=\"async\" class=\"alignnone size-full wp-image-41405\" src=\"https:\/\/labestiapolitica.com.mx\/wp-content\/uploads\/2025\/05\/3-10.png\" alt=\"\" width=\"2000\" height=\"1200\" srcset=\"https:\/\/labestiapolitica.com.mx\/wp-content\/uploads\/2025\/05\/3-10.png 2000w, https:\/\/labestiapolitica.com.mx\/wp-content\/uploads\/2025\/05\/3-10-300x180.png 300w, https:\/\/labestiapolitica.com.mx\/wp-content\/uploads\/2025\/05\/3-10-1024x614.png 1024w, https:\/\/labestiapolitica.com.mx\/wp-content\/uploads\/2025\/05\/3-10-768x461.png 768w, https:\/\/labestiapolitica.com.mx\/wp-content\/uploads\/2025\/05\/3-10-1536x922.png 1536w\" sizes=\"auto, (max-width: 2000px) 100vw, 2000px\" \/> <img loading=\"lazy\" decoding=\"async\" class=\"alignnone size-full wp-image-41406\" src=\"https:\/\/labestiapolitica.com.mx\/wp-content\/uploads\/2025\/05\/4-5.png\" alt=\"\" width=\"2000\" height=\"1200\" srcset=\"https:\/\/labestiapolitica.com.mx\/wp-content\/uploads\/2025\/05\/4-5.png 2000w, https:\/\/labestiapolitica.com.mx\/wp-content\/uploads\/2025\/05\/4-5-300x180.png 300w, https:\/\/labestiapolitica.com.mx\/wp-content\/uploads\/2025\/05\/4-5-1024x614.png 1024w, https:\/\/labestiapolitica.com.mx\/wp-content\/uploads\/2025\/05\/4-5-768x461.png 768w, https:\/\/labestiapolitica.com.mx\/wp-content\/uploads\/2025\/05\/4-5-1536x922.png 1536w\" sizes=\"auto, (max-width: 2000px) 100vw, 2000px\" \/><\/p>\n","protected":false},"excerpt":{"rendered":"<p>El Instituto Metropolitano de Monterrey dio inicio al D\u00eda 1 del Modelo de Naciones Unidas IMMMUN 2025, un espacio que trasciende lo acad\u00e9mico y se convierte en una plataforma de di\u00e1logo, reflexi\u00f3n y formaci\u00f3n de l\u00edderes con visi\u00f3n global. El evento refleja el compromiso del @UMTlaxcala con la formaci\u00f3n integral de sus estudiantes, desarrollando no [&hellip;]<\/p>\n","protected":false},"author":3,"featured_media":41403,"comment_status":"open","ping_status":"open","sticky":false,"template":"","format":"standard","meta":{"footnotes":""},"categories":[12,213,244],"tags":[],"class_list":["post-41402","post","type-post","status-publish","format-standard","has-post-thumbnail","hentry","category-brujula-2026","category-educacion","category-umt"],"amp_enabled":true,"_links":{"self":[{"href":"https:\/\/labestiapolitica.com.mx\/index.php?rest_route=\/wp\/v2\/posts\/41402","targetHints":{"allow":["GET"]}}],"collection":[{"href":"https:\/\/labestiapolitica.com.mx\/index.php?rest_route=\/wp\/v2\/posts"}],"about":[{"href":"https:\/\/labestiapolitica.com.mx\/index.php?rest_route=\/wp\/v2\/types\/post"}],"author":[{"embeddable":true,"href":"https:\/\/labestiapolitica.com.mx\/index.php?rest_route=\/wp\/v2\/users\/3"}],"replies":[{"embeddable":true,"href":"https:\/\/labestiapolitica.com.mx\/index.php?rest_route=%2Fwp%2Fv2%2Fcomments&post=41402"}],"version-history":[{"count":1,"href":"https:\/\/labestiapolitica.com.mx\/index.php?rest_route=\/wp\/v2\/posts\/41402\/revisions"}],"predecessor-version":[{"id":41407,"href":"https:\/\/labestiapolitica.com.mx\/index.php?rest_route=\/wp\/v2\/posts\/41402\/revisions\/41407"}],"wp:featuredmedia":[{"embeddable":true,"href":"https:\/\/labestiapolitica.com.mx\/index.php?rest_route=\/wp\/v2\/media\/41403"}],"wp:attachment":[{"href":"https:\/\/labestiapolitica.com.mx\/index.php?rest_route=%2Fwp%2Fv2%2Fmedia&parent=41402"}],"wp:term":[{"taxonomy":"category","embeddable":true,"href":"https:\/\/labestiapolitica.com.mx\/index.php?rest_route=%2Fwp%2Fv2%2Fcategories&post=41402"},{"taxonomy":"post_tag","embeddable":true,"href":"https:\/\/labestiapolitica.com.mx\/index.php?rest_route=%2Fwp%2Fv2%2Ftags&post=41402"}],"curies":[{"name":"wp","href":"https:\/\/api.w.org\/{rel}","templated":true}]}}