{"id":41412,"date":"2025-05-09T14:16:17","date_gmt":"2025-05-09T20:16:17","guid":{"rendered":"https:\/\/labestiapolitica.com.mx\/?p=41412"},"modified":"2025-05-09T14:16:17","modified_gmt":"2025-05-09T20:16:17","slug":"zacatelco-refuerza-apoyo-alimentario-con-el-programa-permanente-despensas-fuertes","status":"publish","type":"post","link":"https:\/\/labestiapolitica.com.mx\/?p=41412","title":{"rendered":"Zacatelco refuerza apoyo alimentario con el programa permanente \u201cDespensas Fuertes\u201d"},"content":{"rendered":"<p class=\"\" style=\"text-align: justify;\" data-start=\"288\" data-end=\"569\">El Gobierno Municipal de Zacatelco, encabezado por el presidente Jos\u00e9 Miguel Acatzi Luna, anunci\u00f3 que el programa \u201cDespensas Fuertes\u201d se mantendr\u00e1 de manera <strong data-start=\"445\" data-end=\"459\">permanente<\/strong> como una estrategia para apoyar la econom\u00eda familiar y garantizar el acceso a productos de primera necesidad.<\/p>\n<p class=\"\" style=\"text-align: justify;\" data-start=\"571\" data-end=\"806\">A trav\u00e9s de la Direcci\u00f3n de Bienestar Sustentable, liderada por la Mtra. Patricia Herrer\u00edas, este programa ha beneficiado a cientos de familias zacatelquenses, ofreciendo despensas a bajo costo sin distinci\u00f3n ni requisitos complicados.<\/p>\n<p class=\"\" style=\"text-align: justify;\" data-start=\"808\" data-end=\"1196\">El objetivo principal de \u201cDespensas Fuertes\u201d es brindar un <strong data-start=\"867\" data-end=\"900\">respaldo tangible y constante<\/strong> a la poblaci\u00f3n, permitiendo que m\u00e1s familias accedan a una alimentaci\u00f3n b\u00e1sica, especialmente en tiempos de dificultad econ\u00f3mica. Con solo presentar copia de INE, CURP, comprobante de domicilio y cubrir una cuota de recuperaci\u00f3n de <strong data-start=\"1133\" data-end=\"1147\">$230 pesos<\/strong>, cualquier ciudadano puede solicitar este apoyo.<\/p>\n<p class=\"\" style=\"text-align: justify;\" data-start=\"1198\" data-end=\"1449\">Las autoridades municipales reiteraron que el programa estar\u00e1 disponible de manera continua, por lo que invitan a la ciudadan\u00eda a acercarse a la Direcci\u00f3n de Bienestar Sustentable para solicitar m\u00e1s informaci\u00f3n y formar parte de esta acci\u00f3n solidaria.<\/p>\n<p class=\"\" style=\"text-align: justify;\" data-start=\"1451\" data-end=\"1634\">\u201cEste gobierno trabaja para la gente. Seguiremos impulsando programas que tengan un impacto real en la vida de las familias zacatelquenses\u201d, se\u00f1al\u00f3 el alcalde Jos\u00e9 Miguel Acatzi Luna.<\/p>\n<p class=\"\" style=\"text-align: justify;\" data-start=\"1636\" data-end=\"1682\">\ud83e\uddfe <em data-start=\"1639\" data-end=\"1680\">Requisitos para acceder a una despensa:<\/em><\/p>\n<ul style=\"text-align: justify;\" data-start=\"1683\" data-end=\"1782\">\n<li class=\"\" data-start=\"1683\" data-end=\"1699\">\n<p class=\"\" data-start=\"1685\" data-end=\"1699\">Copia de INE<\/p>\n<\/li>\n<li class=\"\" data-start=\"1700\" data-end=\"1717\">\n<p class=\"\" data-start=\"1702\" data-end=\"1717\">Copia de CURP<\/p>\n<\/li>\n<li class=\"\" data-start=\"1718\" data-end=\"1746\">\n<p class=\"\" data-start=\"1720\" data-end=\"1746\">Comprobante de domicilio<\/p>\n<\/li>\n<li class=\"\" data-start=\"1747\" data-end=\"1782\">\n<p class=\"\" data-start=\"1749\" data-end=\"1782\">Cuota de recuperaci\u00f3n: $230 pesos<\/p>\n<\/li>\n<\/ul>\n<p class=\"\" style=\"text-align: justify;\" data-start=\"1784\" data-end=\"1874\">\ud83d\udc69\u200d\ud83c\udfeb <em data-start=\"1790\" data-end=\"1874\">Informes con la Mtra. Patricia Herrer\u00edas en la Direcci\u00f3n de Bienestar Sustentable.<\/em><\/p>\n<p class=\"\" style=\"text-align: justify;\" data-start=\"1876\" data-end=\"1984\">#LaBestiaPoliticaZacatelco<br data-start=\"1902\" data-end=\"1905\" \/>@Zacatelco Fuerte y Seguro<br data-start=\"1931\" data-end=\"1934\" \/>@Jos\u00e9 Miguel Acatzi Luna<br data-start=\"1958\" data-end=\"1961\" \/>#ZacatelcoFuerteySeguro<\/p>\n","protected":false},"excerpt":{"rendered":"<p>El Gobierno Municipal de Zacatelco, encabezado por el presidente Jos\u00e9 Miguel Acatzi Luna, anunci\u00f3 que el programa \u201cDespensas Fuertes\u201d se mantendr\u00e1 de manera permanente como una estrategia para apoyar la econom\u00eda familiar y garantizar el acceso a productos de primera necesidad. A trav\u00e9s de la Direcci\u00f3n de Bienestar Sustentable, liderada por la Mtra. Patricia Herrer\u00edas, [&hellip;]<\/p>\n","protected":false},"author":3,"featured_media":41415,"comment_status":"open","ping_status":"open","sticky":false,"template":"","format":"standard","meta":{"footnotes":""},"categories":[216,217],"tags":[],"class_list":["post-41412","post","type-post","status-publish","format-standard","has-post-thumbnail","hentry","category-municipios","category-zacatelco"],"amp_enabled":true,"_links":{"self":[{"href":"https:\/\/labestiapolitica.com.mx\/index.php?rest_route=\/wp\/v2\/posts\/41412","targetHints":{"allow":["GET"]}}],"collection":[{"href":"https:\/\/labestiapolitica.com.mx\/index.php?rest_route=\/wp\/v2\/posts"}],"about":[{"href":"https:\/\/labestiapolitica.com.mx\/index.php?rest_route=\/wp\/v2\/types\/post"}],"author":[{"embeddable":true,"href":"https:\/\/labestiapolitica.com.mx\/index.php?rest_route=\/wp\/v2\/users\/3"}],"replies":[{"embeddable":true,"href":"https:\/\/labestiapolitica.com.mx\/index.php?rest_route=%2Fwp%2Fv2%2Fcomments&post=41412"}],"version-history":[{"count":1,"href":"https:\/\/labestiapolitica.com.mx\/index.php?rest_route=\/wp\/v2\/posts\/41412\/revisions"}],"predecessor-version":[{"id":41416,"href":"https:\/\/labestiapolitica.com.mx\/index.php?rest_route=\/wp\/v2\/posts\/41412\/revisions\/41416"}],"wp:featuredmedia":[{"embeddable":true,"href":"https:\/\/labestiapolitica.com.mx\/index.php?rest_route=\/wp\/v2\/media\/41415"}],"wp:attachment":[{"href":"https:\/\/labestiapolitica.com.mx\/index.php?rest_route=%2Fwp%2Fv2%2Fmedia&parent=41412"}],"wp:term":[{"taxonomy":"category","embeddable":true,"href":"https:\/\/labestiapolitica.com.mx\/index.php?rest_route=%2Fwp%2Fv2%2Fcategories&post=41412"},{"taxonomy":"post_tag","embeddable":true,"href":"https:\/\/labestiapolitica.com.mx\/index.php?rest_route=%2Fwp%2Fv2%2Ftags&post=41412"}],"curies":[{"name":"wp","href":"https:\/\/api.w.org\/{rel}","templated":true}]}}