{"id":41668,"date":"2025-05-13T17:50:07","date_gmt":"2025-05-13T23:50:07","guid":{"rendered":"https:\/\/labestiapolitica.com.mx\/?p=41668"},"modified":"2025-05-13T17:50:07","modified_gmt":"2025-05-13T23:50:07","slug":"cumple-cafe-filosofico-con-su-objetivo","status":"publish","type":"post","link":"https:\/\/labestiapolitica.com.mx\/?p=41668","title":{"rendered":"Cumple \u201cCaf\u00e9 filos\u00f3fico\u201d con su objetivo."},"content":{"rendered":"<ul>\n<li style=\"font-weight: 400; text-align: justify;\">Filosof\u00eda y Letras UATx y Museo Miguel N. Lira impulsan un di\u00e1logo reflexivo en temas que interesan a la sociedad<\/li>\n<\/ul>\n<p style=\"font-weight: 400; text-align: justify;\">La Facultad de Filosof\u00eda y Letras de la Universidad Aut\u00f3noma de Tlaxcala (UATx) da continuidad al convenio signado con el Museo N. Lira con el prop\u00f3sito de seguir impulsando un di\u00e1logo enriquecedor en el espacio denominado \u201cCaf\u00e9 filos\u00f3fico\u201d, que fue creado por la comunidad de esta \u00e1rea universitaria con el objetivo de divulgar y difundir el trabajo de la pr\u00e1ctica filos\u00f3fica y democratizar la palabra y la opini\u00f3n del p\u00fablico en general, porque no solo es un trabajo que hacen con expertos en filosof\u00eda, tambi\u00e9n son part\u00edcipes de la conversaci\u00f3n las personas interesadas en estos temas.<\/p>\n<p style=\"font-weight: 400; text-align: justify;\">De esta forma, el \u00faltimo martes de cada mes se propicia la reflexi\u00f3n, la discusi\u00f3n y el an\u00e1lisis de t\u00f3picos de actualidad y que son de importancia para un grupo de la comunidad. Entonces, es un ejercicio de di\u00e1logo de manera horizontal y que invita a construir nuevas maneras de relacionarnos con diversos sectores de la sociedad.<\/p>\n<p style=\"font-weight: 400; text-align: justify;\">De esta forma, directivos, docentes y estudiantes de Filosof\u00eda y Letras con la gu\u00eda del Modelo Humanista Integrador basado en Capacidades y el ejercicio la praxis buscan el beneficio colectivo al fomentar la cultura de la paz, el di\u00e1logo con la sociedad, la inclusi\u00f3n, la tolerancia y la comunicaci\u00f3n, todo ello contribuye a fortalecer el comportamiento c\u00edvico y democr\u00e1tico, y a crear una sociedad m\u00e1s \u00e9tica.<\/p>\n<p style=\"font-weight: 400; text-align: justify;\">El convenio que sign\u00f3 la Facultad de Filosof\u00eda y Letras de la UATx con el Museo Miguel N. Lira busca generar un di\u00e1logo democr\u00e1tico mediante seis caf\u00e9s filos\u00f3ficos, los cuales se llevan a cabo el \u00faltimo martes de cada mes y para junio concluye este ciclo, logrando una magn\u00edfica alianza con resultados satisfactorios para todos los participantes.<\/p>\n<p>&nbsp;<\/p>\n<p><img loading=\"lazy\" decoding=\"async\" class=\"alignnone size-medium wp-image-28405\" src=\"https:\/\/labestiapolitica.com.mx\/wp-content\/uploads\/2024\/06\/U-NOVA-y-se-diferente-300x180.png\" alt=\"\" width=\"300\" height=\"180\" srcset=\"https:\/\/labestiapolitica.com.mx\/wp-content\/uploads\/2024\/06\/U-NOVA-y-se-diferente-300x180.png 300w, https:\/\/labestiapolitica.com.mx\/wp-content\/uploads\/2024\/06\/U-NOVA-y-se-diferente-768x461.png 768w, https:\/\/labestiapolitica.com.mx\/wp-content\/uploads\/2024\/06\/U-NOVA-y-se-diferente.png 1000w\" sizes=\"auto, (max-width: 300px) 100vw, 300px\" \/><\/p>\n","protected":false},"excerpt":{"rendered":"<p>Filosof\u00eda y Letras UATx y Museo Miguel N. Lira impulsan un di\u00e1logo reflexivo en temas que interesan a la sociedad La Facultad de Filosof\u00eda y Letras de la Universidad Aut\u00f3noma de Tlaxcala (UATx) da continuidad al convenio signado con el Museo N. Lira con el prop\u00f3sito de seguir impulsando un di\u00e1logo enriquecedor en el espacio [&hellip;]<\/p>\n","protected":false},"author":5,"featured_media":41669,"comment_status":"open","ping_status":"open","sticky":false,"template":"","format":"standard","meta":{"footnotes":""},"categories":[7,241],"tags":[],"class_list":["post-41668","post","type-post","status-publish","format-standard","has-post-thumbnail","hentry","category-ciudadanos","category-uatx"],"amp_enabled":true,"_links":{"self":[{"href":"https:\/\/labestiapolitica.com.mx\/index.php?rest_route=\/wp\/v2\/posts\/41668","targetHints":{"allow":["GET"]}}],"collection":[{"href":"https:\/\/labestiapolitica.com.mx\/index.php?rest_route=\/wp\/v2\/posts"}],"about":[{"href":"https:\/\/labestiapolitica.com.mx\/index.php?rest_route=\/wp\/v2\/types\/post"}],"author":[{"embeddable":true,"href":"https:\/\/labestiapolitica.com.mx\/index.php?rest_route=\/wp\/v2\/users\/5"}],"replies":[{"embeddable":true,"href":"https:\/\/labestiapolitica.com.mx\/index.php?rest_route=%2Fwp%2Fv2%2Fcomments&post=41668"}],"version-history":[{"count":1,"href":"https:\/\/labestiapolitica.com.mx\/index.php?rest_route=\/wp\/v2\/posts\/41668\/revisions"}],"predecessor-version":[{"id":41670,"href":"https:\/\/labestiapolitica.com.mx\/index.php?rest_route=\/wp\/v2\/posts\/41668\/revisions\/41670"}],"wp:featuredmedia":[{"embeddable":true,"href":"https:\/\/labestiapolitica.com.mx\/index.php?rest_route=\/wp\/v2\/media\/41669"}],"wp:attachment":[{"href":"https:\/\/labestiapolitica.com.mx\/index.php?rest_route=%2Fwp%2Fv2%2Fmedia&parent=41668"}],"wp:term":[{"taxonomy":"category","embeddable":true,"href":"https:\/\/labestiapolitica.com.mx\/index.php?rest_route=%2Fwp%2Fv2%2Fcategories&post=41668"},{"taxonomy":"post_tag","embeddable":true,"href":"https:\/\/labestiapolitica.com.mx\/index.php?rest_route=%2Fwp%2Fv2%2Ftags&post=41668"}],"curies":[{"name":"wp","href":"https:\/\/api.w.org\/{rel}","templated":true}]}}