{"id":42000,"date":"2025-04-20T00:05:16","date_gmt":"2025-04-20T06:05:16","guid":{"rendered":"https:\/\/labestiapolitica.com.mx\/?p=42000"},"modified":"2025-05-19T00:05:48","modified_gmt":"2025-05-19T06:05:48","slug":"zacatelco-rompe-record-con-el-pan-con-helado-mas-grande-y-celebra-su-riqueza-gastronomica","status":"publish","type":"post","link":"https:\/\/labestiapolitica.com.mx\/?p=42000","title":{"rendered":"Zacatelco rompe r\u00e9cord con el \u201cPan con Helado\u201d m\u00e1s grande y celebra su riqueza gastron\u00f3mica"},"content":{"rendered":"<p style=\"text-align: justify;\">Zacatelco vivi\u00f3 una jornada hist\u00f3rica con la realizaci\u00f3n del evento \u201cEl Pan con Helado m\u00e1s grande\u201d, que reuni\u00f3 a m\u00e1s de mil personas en el parque central del municipio. La iniciativa, impulsada por el Ayuntamiento en conjunto con la Direcci\u00f3n de Turismo, no solo atrajo a cientos de familias, sino que logr\u00f3 establecer un nuevo r\u00e9cord al elaborar un pan con helado de m\u00e1s de 105 metros de longitud.<\/p>\n<p style=\"text-align: justify;\">El evento fue una verdadera fiesta de sabor y tradici\u00f3n. Adem\u00e1s del monumental platillo, los asistentes pudieron disfrutar de productos t\u00edpicos como el cacao y los esquites, en una muestra de la diversidad culinaria que caracteriza a Zacatelco.<\/p>\n<p style=\"text-align: justify;\">Uno de los pilares del \u00e9xito fue la colaboraci\u00f3n de la empresa panificadora \u201cLa Pascualita\u201d, reconocida por su compromiso con el desarrollo econ\u00f3mico y cultural del municipio. Su participaci\u00f3n fue fundamental para alcanzar este nuevo reto gastron\u00f3mico.<\/p>\n<p style=\"text-align: justify;\">Durante la celebraci\u00f3n, el presidente municipal Jos\u00e9 Miguel Acatzi Luna destac\u00f3 la importancia de preservar las tradiciones locales y promover el turismo a trav\u00e9s de la gastronom\u00eda. \u201cNuestra cocina es una fuente de orgullo, pero tambi\u00e9n una v\u00eda para el desarrollo. Este r\u00e9cord es un ejemplo del trabajo conjunto entre gobierno, empresas y ciudadan\u00eda\u201d, expres\u00f3.<br \/>\nAsimismo, Acatzi Luna subray\u00f3 que el pan con helado y el cacao no solo son delicias locales, sino tambi\u00e9n s\u00edmbolos identitarios que han llegado a ferias y exposiciones nacionales con gran aceptaci\u00f3n.<\/p>\n<p style=\"text-align: justify;\">Con este evento, Zacatelco contin\u00faa posicion\u00e1ndose como un destino gastron\u00f3mico imperdible, al tiempo que refuerza su compromiso con la conservaci\u00f3n de tradiciones culinarias as\u00ed como el impulso al turismo sostenible.<\/p>\n","protected":false},"excerpt":{"rendered":"<p>Zacatelco vivi\u00f3 una jornada hist\u00f3rica con la realizaci\u00f3n del evento \u201cEl Pan con Helado m\u00e1s grande\u201d, que reuni\u00f3 a m\u00e1s de mil personas en el parque central del municipio. La iniciativa, impulsada por el Ayuntamiento en conjunto con la Direcci\u00f3n de Turismo, no solo atrajo a cientos de familias, sino que logr\u00f3 establecer un nuevo [&hellip;]<\/p>\n","protected":false},"author":3,"featured_media":42001,"comment_status":"open","ping_status":"open","sticky":false,"template":"","format":"standard","meta":{"footnotes":""},"categories":[12],"tags":[],"class_list":["post-42000","post","type-post","status-publish","format-standard","has-post-thumbnail","hentry","category-brujula-2026"],"amp_enabled":true,"_links":{"self":[{"href":"https:\/\/labestiapolitica.com.mx\/index.php?rest_route=\/wp\/v2\/posts\/42000","targetHints":{"allow":["GET"]}}],"collection":[{"href":"https:\/\/labestiapolitica.com.mx\/index.php?rest_route=\/wp\/v2\/posts"}],"about":[{"href":"https:\/\/labestiapolitica.com.mx\/index.php?rest_route=\/wp\/v2\/types\/post"}],"author":[{"embeddable":true,"href":"https:\/\/labestiapolitica.com.mx\/index.php?rest_route=\/wp\/v2\/users\/3"}],"replies":[{"embeddable":true,"href":"https:\/\/labestiapolitica.com.mx\/index.php?rest_route=%2Fwp%2Fv2%2Fcomments&post=42000"}],"version-history":[{"count":1,"href":"https:\/\/labestiapolitica.com.mx\/index.php?rest_route=\/wp\/v2\/posts\/42000\/revisions"}],"predecessor-version":[{"id":42002,"href":"https:\/\/labestiapolitica.com.mx\/index.php?rest_route=\/wp\/v2\/posts\/42000\/revisions\/42002"}],"wp:featuredmedia":[{"embeddable":true,"href":"https:\/\/labestiapolitica.com.mx\/index.php?rest_route=\/wp\/v2\/media\/42001"}],"wp:attachment":[{"href":"https:\/\/labestiapolitica.com.mx\/index.php?rest_route=%2Fwp%2Fv2%2Fmedia&parent=42000"}],"wp:term":[{"taxonomy":"category","embeddable":true,"href":"https:\/\/labestiapolitica.com.mx\/index.php?rest_route=%2Fwp%2Fv2%2Fcategories&post=42000"},{"taxonomy":"post_tag","embeddable":true,"href":"https:\/\/labestiapolitica.com.mx\/index.php?rest_route=%2Fwp%2Fv2%2Ftags&post=42000"}],"curies":[{"name":"wp","href":"https:\/\/api.w.org\/{rel}","templated":true}]}}