{"id":42020,"date":"2025-04-03T00:42:08","date_gmt":"2025-04-03T06:42:08","guid":{"rendered":"https:\/\/labestiapolitica.com.mx\/?p=42020"},"modified":"2025-05-19T00:43:02","modified_gmt":"2025-05-19T06:43:02","slug":"%f0%9f%8e%ac-zacatelco-impulsa-seguridad-y-bienestar-con-campanas-de-prevencion-y-cultura-para-toda-la-comunidad","status":"publish","type":"post","link":"https:\/\/labestiapolitica.com.mx\/?p=42020","title":{"rendered":"\ud83c\udfac Zacatelco impulsa seguridad y bienestar con campa\u00f1as de prevenci\u00f3n y cultura para toda la comunidad"},"content":{"rendered":"<h3 style=\"text-align: justify;\" data-start=\"298\" data-end=\"409\"><\/h3>\n<p style=\"text-align: justify;\" data-start=\"411\" data-end=\"822\"><strong data-start=\"411\" data-end=\"450\">Zacatelco, Tlaxcala; abril de 2025.<\/strong><br data-start=\"450\" data-end=\"453\" \/>El Gobierno Municipal de Zacatelco, presidido por <strong data-start=\"503\" data-end=\"530\">Jos\u00e9 Miguel Acatzi Luna<\/strong>, refuerza su compromiso con la seguridad y el bienestar social a trav\u00e9s de <strong data-start=\"606\" data-end=\"629\">acciones integrales<\/strong> que combinan la prevenci\u00f3n del delito y el acceso a espacios culturales, enfoc\u00e1ndose tanto en el cuidado de los sectores productivos como en el desarrollo pleno de ni\u00f1as, ni\u00f1os y adolescentes.<\/p>\n<h3 style=\"text-align: justify;\" data-start=\"824\" data-end=\"894\">\ud83d\udee1\ufe0f \u201cComercio Seguro\u201d: tecnolog\u00eda y cercan\u00eda para prevenir delitos<\/h3>\n<p><img loading=\"lazy\" decoding=\"async\" class=\"alignnone size-full wp-image-42022\" src=\"https:\/\/labestiapolitica.com.mx\/wp-content\/uploads\/2025\/05\/Proyecto-nuevo-12-2.jpg\" alt=\"\" width=\"1000\" height=\"600\" srcset=\"https:\/\/labestiapolitica.com.mx\/wp-content\/uploads\/2025\/05\/Proyecto-nuevo-12-2.jpg 1000w, https:\/\/labestiapolitica.com.mx\/wp-content\/uploads\/2025\/05\/Proyecto-nuevo-12-2-300x180.jpg 300w, https:\/\/labestiapolitica.com.mx\/wp-content\/uploads\/2025\/05\/Proyecto-nuevo-12-2-768x461.jpg 768w\" sizes=\"auto, (max-width: 1000px) 100vw, 1000px\" \/><\/p>\n<p style=\"text-align: justify;\" data-start=\"896\" data-end=\"1228\">A trav\u00e9s del \u00e1rea de <strong data-start=\"917\" data-end=\"962\">Prevenci\u00f3n del Delito y Proximidad Social<\/strong>, el municipio lanz\u00f3 la campa\u00f1a <strong data-start=\"994\" data-end=\"1015\">\u201cComercio Seguro\u201d<\/strong>, con el prop\u00f3sito de inhibir actos delictivos en zonas comerciales mediante <strong data-start=\"1092\" data-end=\"1138\">recorridos presenciales, vigilancia activa<\/strong> y la implementaci\u00f3n de <strong data-start=\"1162\" data-end=\"1227\">canales de comunicaci\u00f3n directa con comerciantes v\u00eda WhatsApp<\/strong>.<\/p>\n<p style=\"text-align: justify;\" data-start=\"1230\" data-end=\"1445\">Esta red de apoyo busca establecer <strong data-start=\"1265\" data-end=\"1303\">una alerta temprana en tiempo real<\/strong>, fortalecer la participaci\u00f3n ciudadana y brindar acompa\u00f1amiento a locatarios, generando confianza y colaboraci\u00f3n con las autoridades locales.<\/p>\n<blockquote data-start=\"1447\" data-end=\"1662\">\n<p data-start=\"1449\" data-end=\"1662\">\u201cLa seguridad no solo se combate con patrullas, sino con coordinaci\u00f3n, prevenci\u00f3n y di\u00e1logo directo con quienes todos los d\u00edas salen a trabajar\u201d, destac\u00f3 personal de la Direcci\u00f3n de Seguridad P\u00fablica de Zacatelco.<\/p>\n<\/blockquote>\n<h3 style=\"text-align: justify;\" data-start=\"1664\" data-end=\"1731\">\ud83c\udfa5 Cine gratuito para ni\u00f1as y ni\u00f1os: cultura que une y emociona<\/h3>\n<p style=\"text-align: justify;\" data-start=\"1733\" data-end=\"1948\">En paralelo, el \u00e1rea de <strong data-start=\"1757\" data-end=\"1778\">Cultura Municipal<\/strong>, encabezada por <strong data-start=\"1795\" data-end=\"1821\">Alejandra Morales Orea<\/strong>, dio inicio al <strong data-start=\"1837\" data-end=\"1863\">Ciclo de Cine Infantil<\/strong> con motivo del <strong data-start=\"1879\" data-end=\"1907\">D\u00eda de la Ni\u00f1a y el Ni\u00f1o<\/strong>, que se celebra durante el mes de abril.<\/p>\n<p style=\"text-align: justify;\" data-start=\"1950\" data-end=\"2165\">Este martes 1 de abril se proyect\u00f3 la pel\u00edcula <em data-start=\"1997\" data-end=\"2011\">Intensamente<\/em> en el Auditorio Nicanor Serrano ante la entusiasta participaci\u00f3n de estudiantes de la <strong data-start=\"2098\" data-end=\"2135\">Secundaria General Domingo Arenas<\/strong>, secci\u00f3n quinta de Xitototla.<\/p>\n<p style=\"text-align: justify;\" data-start=\"2167\" data-end=\"2515\">El ciclo incluye funciones gratuitas con t\u00edtulos como <em data-start=\"2221\" data-end=\"2232\">Elementos<\/em>, <em data-start=\"2234\" data-end=\"2255\">Mi Villano Favorito<\/em>, <em data-start=\"2257\" data-end=\"2272\">Robot Salvaje<\/em> y <em data-start=\"2275\" data-end=\"2282\">Patos<\/em>, programadas en horarios de 9:00 a.m. y 2:00 p.m. durante todo el mes. La finalidad es que <strong data-start=\"2374\" data-end=\"2474\">las infancias tengan acceso a momentos de recreaci\u00f3n, aprendizaje emocional y sano esparcimiento<\/strong>, acompa\u00f1adas de sus familias y escuelas.<\/p>\n<blockquote data-start=\"2517\" data-end=\"2661\">\n<p data-start=\"2519\" data-end=\"2661\">\u201cCuidar la salud emocional de ni\u00f1as y ni\u00f1os tambi\u00e9n es prevenir. Y qu\u00e9 mejor forma que a trav\u00e9s del cine y la cultura\u201d, mencion\u00f3 Morales Orea.<\/p>\n<\/blockquote>\n<h3 style=\"text-align: justify;\" data-start=\"2663\" data-end=\"2701\">\ud83e\udd1d Prevenci\u00f3n, cultura y comunidad<\/h3>\n<p style=\"text-align: justify;\" data-start=\"2703\" data-end=\"2854\">Ambas iniciativas reflejan el esp\u00edritu de la administraci\u00f3n 2024\u20132027: una gesti\u00f3n cercana, integral y comprometida con el tejido social del municipio.<\/p>\n<p style=\"text-align: justify;\" data-start=\"2856\" data-end=\"3036\">Mientras <strong data-start=\"2865\" data-end=\"2884\">Comercio Seguro<\/strong> protege entornos laborales y fortalece la red de vigilancia vecinal, el <strong data-start=\"2957\" data-end=\"2974\">Ciclo de Cine<\/strong> crea espacios seguros y alegres para las nuevas generaciones.<\/p>\n<p style=\"text-align: justify;\" data-start=\"3038\" data-end=\"3179\">Con estas acciones, Zacatelco reafirma que <strong data-start=\"3081\" data-end=\"3179\">la seguridad y la paz tambi\u00e9n se construyen con cultura, empat\u00eda y presencia en el territorio.<\/strong><\/p>\n<hr data-start=\"3181\" data-end=\"3184\" \/>\n<p style=\"text-align: justify;\" data-start=\"3186\" data-end=\"3289\"><strong data-start=\"3186\" data-end=\"3289\">#ZacatelcoFuerteySeguro #ComercioSeguro #CulturaParaTodos #D\u00edaDeLaNi\u00f1aYElNi\u00f1o #Prevenci\u00f3nConValores<\/strong><\/p>\n","protected":false},"excerpt":{"rendered":"<p>Zacatelco, Tlaxcala; abril de 2025.El Gobierno Municipal de Zacatelco, presidido por Jos\u00e9 Miguel Acatzi Luna, refuerza su compromiso con la seguridad y el bienestar social a trav\u00e9s de acciones integrales que combinan la prevenci\u00f3n del delito y el acceso a espacios culturales, enfoc\u00e1ndose tanto en el cuidado de los sectores productivos como en el desarrollo [&hellip;]<\/p>\n","protected":false},"author":3,"featured_media":42021,"comment_status":"open","ping_status":"open","sticky":false,"template":"","format":"standard","meta":{"footnotes":""},"categories":[12],"tags":[],"class_list":["post-42020","post","type-post","status-publish","format-standard","has-post-thumbnail","hentry","category-brujula-2026"],"amp_enabled":true,"_links":{"self":[{"href":"https:\/\/labestiapolitica.com.mx\/index.php?rest_route=\/wp\/v2\/posts\/42020","targetHints":{"allow":["GET"]}}],"collection":[{"href":"https:\/\/labestiapolitica.com.mx\/index.php?rest_route=\/wp\/v2\/posts"}],"about":[{"href":"https:\/\/labestiapolitica.com.mx\/index.php?rest_route=\/wp\/v2\/types\/post"}],"author":[{"embeddable":true,"href":"https:\/\/labestiapolitica.com.mx\/index.php?rest_route=\/wp\/v2\/users\/3"}],"replies":[{"embeddable":true,"href":"https:\/\/labestiapolitica.com.mx\/index.php?rest_route=%2Fwp%2Fv2%2Fcomments&post=42020"}],"version-history":[{"count":1,"href":"https:\/\/labestiapolitica.com.mx\/index.php?rest_route=\/wp\/v2\/posts\/42020\/revisions"}],"predecessor-version":[{"id":42023,"href":"https:\/\/labestiapolitica.com.mx\/index.php?rest_route=\/wp\/v2\/posts\/42020\/revisions\/42023"}],"wp:featuredmedia":[{"embeddable":true,"href":"https:\/\/labestiapolitica.com.mx\/index.php?rest_route=\/wp\/v2\/media\/42021"}],"wp:attachment":[{"href":"https:\/\/labestiapolitica.com.mx\/index.php?rest_route=%2Fwp%2Fv2%2Fmedia&parent=42020"}],"wp:term":[{"taxonomy":"category","embeddable":true,"href":"https:\/\/labestiapolitica.com.mx\/index.php?rest_route=%2Fwp%2Fv2%2Fcategories&post=42020"},{"taxonomy":"post_tag","embeddable":true,"href":"https:\/\/labestiapolitica.com.mx\/index.php?rest_route=%2Fwp%2Fv2%2Ftags&post=42020"}],"curies":[{"name":"wp","href":"https:\/\/api.w.org\/{rel}","templated":true}]}}