{"id":42197,"date":"2025-05-21T18:15:06","date_gmt":"2025-05-22T00:15:06","guid":{"rendered":"https:\/\/labestiapolitica.com.mx\/?p=42197"},"modified":"2025-05-21T18:15:06","modified_gmt":"2025-05-22T00:15:06","slug":"frustra-policia-de-apizaco-intento-de-robo-a-cuentahabiente-en-plaza-santa-julia","status":"publish","type":"post","link":"https:\/\/labestiapolitica.com.mx\/?p=42197","title":{"rendered":"Frustra Polic\u00eda de Apizaco intento de robo a cuentahabiente en Plaza Santa Julia."},"content":{"rendered":"<p style=\"text-align: justify;\">La Direcci\u00f3n de Seguridad P\u00fablica, Vialidad y Transporte de Apizaco logr\u00f3 frustrar un intento de robo a una cuentahabiente en las inmediaciones de la plaza comercial Santa Julia, sobre la Avenida 16 de Septiembre.<\/p>\n<p style=\"text-align: justify;\">Gracias a la pronta respuesta de los elementos policiales y al trabajo coordinado con el Centro de Control y Comando (C2), se impidi\u00f3 que dos individuos consumaran un atraco en una instituci\u00f3n financiera. Los presuntos responsables intentaron despojar a la v\u00edctima de una suma de dinero que estaba por depositar. No obstante, al notar la presencia policial, emprendieron la huida a bordo de un veh\u00edculo, cuyas caracter\u00edsticas ya han sido compartidas con las distintas c\u00e9lulas operativas de la Polic\u00eda Municipal y de la Secretar\u00eda de Marina.<\/p>\n<p style=\"text-align: justify;\">Se mantiene activo un operativo de b\u00fasqueda, con anillos de seguridad desplegados estrat\u00e9gicamente para ubicar a los responsables.<\/p>\n<p style=\"text-align: justify;\">La Direcci\u00f3n de Seguridad P\u00fablica reafirma su compromiso con la protecci\u00f3n ciudadana y recuerda a la poblaci\u00f3n que cuenta con un programa de acompa\u00f1amiento a cuentahabientes, disponible para quienes realicen dep\u00f3sitos o retiros de dinero en efectivo. Este servicio puede solicitarse directamente en las instalaciones de la Direcci\u00f3n.<\/p>\n<p style=\"text-align: justify;\">El Capit\u00e1n Corbeta I.M.P. Jos\u00e9 Ram\u00f3n Jacques Mena, titular de esta corporaci\u00f3n, reiter\u00f3 que la seguridad de las y los apizaquenses es una prioridad. Asimismo, se exhorta a la ciudadan\u00eda a reportar de inmediato cualquier situaci\u00f3n sospechosa o emergencia 911 y 089, a los n\u00fameros telef\u00f3nicos 241 418 09 00, 241 418 09 17 o v\u00eda WhatsApp al 241 178 51 14.<\/p>\n<p>&nbsp;<\/p>\n<p><img loading=\"lazy\" decoding=\"async\" class=\"alignnone wp-image-28405 size-full\" src=\"https:\/\/labestiapolitica.com.mx\/wp-content\/uploads\/2024\/06\/U-NOVA-y-se-diferente.png\" alt=\"\" width=\"1000\" height=\"600\" srcset=\"https:\/\/labestiapolitica.com.mx\/wp-content\/uploads\/2024\/06\/U-NOVA-y-se-diferente.png 1000w, https:\/\/labestiapolitica.com.mx\/wp-content\/uploads\/2024\/06\/U-NOVA-y-se-diferente-300x180.png 300w, https:\/\/labestiapolitica.com.mx\/wp-content\/uploads\/2024\/06\/U-NOVA-y-se-diferente-768x461.png 768w\" sizes=\"auto, (max-width: 1000px) 100vw, 1000px\" \/><\/p>\n","protected":false},"excerpt":{"rendered":"<p>La Direcci\u00f3n de Seguridad P\u00fablica, Vialidad y Transporte de Apizaco logr\u00f3 frustrar un intento de robo a una cuentahabiente en las inmediaciones de la plaza comercial Santa Julia, sobre la Avenida 16 de Septiembre. Gracias a la pronta respuesta de los elementos policiales y al trabajo coordinado con el Centro de Control y Comando (C2), [&hellip;]<\/p>\n","protected":false},"author":5,"featured_media":42198,"comment_status":"open","ping_status":"open","sticky":false,"template":"","format":"standard","meta":{"footnotes":""},"categories":[226,12,216],"tags":[],"class_list":["post-42197","post","type-post","status-publish","format-standard","has-post-thumbnail","hentry","category-apizaco","category-brujula-2026","category-municipios"],"amp_enabled":true,"_links":{"self":[{"href":"https:\/\/labestiapolitica.com.mx\/index.php?rest_route=\/wp\/v2\/posts\/42197","targetHints":{"allow":["GET"]}}],"collection":[{"href":"https:\/\/labestiapolitica.com.mx\/index.php?rest_route=\/wp\/v2\/posts"}],"about":[{"href":"https:\/\/labestiapolitica.com.mx\/index.php?rest_route=\/wp\/v2\/types\/post"}],"author":[{"embeddable":true,"href":"https:\/\/labestiapolitica.com.mx\/index.php?rest_route=\/wp\/v2\/users\/5"}],"replies":[{"embeddable":true,"href":"https:\/\/labestiapolitica.com.mx\/index.php?rest_route=%2Fwp%2Fv2%2Fcomments&post=42197"}],"version-history":[{"count":1,"href":"https:\/\/labestiapolitica.com.mx\/index.php?rest_route=\/wp\/v2\/posts\/42197\/revisions"}],"predecessor-version":[{"id":42199,"href":"https:\/\/labestiapolitica.com.mx\/index.php?rest_route=\/wp\/v2\/posts\/42197\/revisions\/42199"}],"wp:featuredmedia":[{"embeddable":true,"href":"https:\/\/labestiapolitica.com.mx\/index.php?rest_route=\/wp\/v2\/media\/42198"}],"wp:attachment":[{"href":"https:\/\/labestiapolitica.com.mx\/index.php?rest_route=%2Fwp%2Fv2%2Fmedia&parent=42197"}],"wp:term":[{"taxonomy":"category","embeddable":true,"href":"https:\/\/labestiapolitica.com.mx\/index.php?rest_route=%2Fwp%2Fv2%2Fcategories&post=42197"},{"taxonomy":"post_tag","embeddable":true,"href":"https:\/\/labestiapolitica.com.mx\/index.php?rest_route=%2Fwp%2Fv2%2Ftags&post=42197"}],"curies":[{"name":"wp","href":"https:\/\/api.w.org\/{rel}","templated":true}]}}