{"id":42221,"date":"2025-05-22T09:41:26","date_gmt":"2025-05-22T15:41:26","guid":{"rendered":"https:\/\/labestiapolitica.com.mx\/?p=42221"},"modified":"2025-05-26T12:23:12","modified_gmt":"2025-05-26T18:23:12","slug":"%f0%9f%9f%a5-el-bestiario-una-cruda-realidad-al-pt-no-le-alcanza-solo-para-la-gubernatura","status":"publish","type":"post","link":"https:\/\/labestiapolitica.com.mx\/?p=42221","title":{"rendered":"\ud83d\udfe5 El Bestiario&#8230; Una cruda realidad: al PT no le alcanza solo para la gubernatura"},"content":{"rendered":"<p style=\"text-align: justify;\" data-start=\"296\" data-end=\"430\">Mientras el Partido del Trabajo presume m\u00fasculo, cuadros visibles y aspiraciones propias rumbo a 2027, <strong data-start=\"399\" data-end=\"429\">una frase lo derrumba todo<\/strong>:<\/p>\n<p style=\"text-align: justify;\" data-start=\"296\" data-end=\"430\"><strong data-start=\"434\" data-end=\"519\">\u201cAl PT no le alcanza solos para querer ganar la gubernatura de Tlaxcala en 2027.\u201d<\/strong><\/p>\n<p style=\"text-align: justify;\" data-start=\"521\" data-end=\"697\">La sentencia no vino de la oposici\u00f3n, ni de alg\u00fan analista inc\u00f3modo, sino del propio diputado federal petista <strong data-start=\"630\" data-end=\"662\">Jos\u00e9 Alejandro Aguilar L\u00f3pez<\/strong>, uno de sus perfiles m\u00e1s visibles.<\/p>\n<p style=\"text-align: justify;\" data-start=\"699\" data-end=\"969\">Y s\u00ed, aunque reconoci\u00f3 su inter\u00e9s en contender por la gubernatura, tambi\u00e9n admiti\u00f3 que su partido <strong data-start=\"797\" data-end=\"817\">necesita aliados<\/strong>, que debe esperar tiempos, medir respaldos y evitar improvisaciones. En pol\u00edtica, ese tipo de cautela <strong data-start=\"920\" data-end=\"968\">no se llama prudencia&#8230; se llama fragilidad<\/strong>.<\/p>\n<p style=\"text-align: justify;\" data-start=\"971\" data-end=\"1263\">Mientras en su momento, <strong data-start=\"980\" data-end=\"994\">Irma Garay<\/strong> fue \u201cdestapada\u201d como aspirante a la gubernatura del PT en un acto de fuerza y discurso combativo, <strong data-start=\"1079\" data-end=\"1141\">el otro rostro del partido \u2014Aguilar L\u00f3pez\u2014 baja el volumen<\/strong>, pide paciencia, no levanta la mano&#8230; y <strong data-start=\"1183\" data-end=\"1213\">admite que solos no llegan<\/strong>.<\/p>\n<p style=\"text-align: justify;\" data-start=\"971\" data-end=\"1263\">Una unidad\u00a0 con los Garay, que, por cierto, <strong data-start=\"1245\" data-end=\"1262\">no lo incluy\u00f3<\/strong>.<\/p>\n<p style=\"text-align: justify;\" data-start=\"1265\" data-end=\"1300\">Entonces, \u00bfcu\u00e1l es el verdadero PT?<\/p>\n<p style=\"text-align: justify;\" data-start=\"1302\" data-end=\"1415\">\u00bfEl que dice que ya no necesita de Morena?<\/p>\n<p style=\"text-align: justify;\" data-start=\"1302\" data-end=\"1415\">\u00bfO el que asume, con resignaci\u00f3n, que sin Morena no hay competencia?<\/p>\n<p style=\"text-align: justify;\" data-start=\"1417\" data-end=\"1549\">La doble narrativa deja al descubierto una estructura dividida entre <strong data-start=\"1486\" data-end=\"1548\">el deseo de figurar y la conciencia de sus propios l\u00edmites<\/strong>.<\/p>\n<p style=\"text-align: justify;\" data-start=\"1551\" data-end=\"1760\">Porque mientras Garay camina comunidades y hace pol\u00edtica de tierra, <strong data-start=\"1619\" data-end=\"1680\">el otro liderazgo del PT calcula, duda, tantea el terreno<\/strong>. Y lo dice <strong data-start=\"1692\" data-end=\"1759\">un pol\u00edtico que ha ganado todas las elecciones que ha disputado<\/strong>.<\/p>\n<p style=\"text-align: justify;\" data-start=\"1762\" data-end=\"1897\">Que el PT creci\u00f3 en 2024, s\u00ed. Que tiene cuadros, tambi\u00e9n. Pero <strong data-start=\"1825\" data-end=\"1896\">confundir inercia con fuerza propia es un error de c\u00e1lculo pol\u00edtico<\/strong>.<\/p>\n<p style=\"text-align: justify;\" data-start=\"1899\" data-end=\"1981\">La frase de Aguilar L\u00f3pez no fue una ocurrencia. <strong data-start=\"1948\" data-end=\"1981\">Fue una advertencia realista.<\/strong><\/p>\n<p style=\"text-align: justify;\" data-start=\"1983\" data-end=\"2177\">Hoy el PT quiere la gubernatura. Pero <strong data-start=\"2021\" data-end=\"2046\">no puede ganarla solo<\/strong>. Y eso, en pol\u00edtica, no es pecado.<\/p>\n<p style=\"text-align: justify;\" data-start=\"1983\" data-end=\"2177\">Lo grave es que unos finjan que s\u00ed&#8230;<\/p>\n<p style=\"text-align: justify;\" data-start=\"1983\" data-end=\"2177\">Y otros <strong data-start=\"2132\" data-end=\"2176\">ni siquiera est\u00e9n listos para intentarlo<\/strong>.<\/p>\n<p style=\"text-align: justify;\" data-start=\"2179\" data-end=\"2343\">Porque entre el discurso de fuerza y la admisi\u00f3n de debilidad, <strong data-start=\"2242\" data-end=\"2288\">el PT corre el riesgo de quedarse en medio<\/strong>: <strong data-start=\"2292\" data-end=\"2343\">sin candidatura, sin narrativa&#8230; y sin futuro.<\/strong><\/p>\n<p style=\"text-align: justify;\" data-start=\"2194\" data-end=\"2350\">*****<\/p>\n<p style=\"text-align: justify;\" data-start=\"73\" data-end=\"119\"><strong data-start=\"73\" data-end=\"119\">\u00a0LA CAMINERA&#8230; Carambola de tres bandas&#8230;<\/strong>Javier Rivera Bonilla, alcalde de Apizaco, presumi\u00f3 ante la gobernadora un super\u00e1vit \u201chist\u00f3rico\u201d de 19.8 millones de pesos en la Capama, en comparaci\u00f3n al anterior gobierno panista. El golpe, aunque sin nombres, iba dirigido: Pablo Badillo y Carlos Hern\u00e1ndez, responsables del trienio anterior, recibieron la pedrada sin necesidad de mencionarlos.<\/p>\n<p style=\"text-align: justify;\" data-start=\"470\" data-end=\"738\">Rivera Bonilla jug\u00f3 sus cartas con precisi\u00f3n y con n\u00fameros: 51% m\u00e1s ingresos que sus antecesores, 28 millones recaudados en 2024 frente a los 18 del a\u00f1o pasado. Todo lo dijo frente a Lorena Cu\u00e9llar, sin perder la oportunidad de calificar su gesti\u00f3n como \u00abinspiradora\u00bb.<\/p>\n<p style=\"text-align: justify;\" data-start=\"740\" data-end=\"877\">Mientras tanto, los aludidos \u2014Pablo y Carlos\u2014 callan. Y Lorena Ruiz, diputada que sue\u00f1a con sucederlo, solo sonr\u00ede en la fila del evento.<\/p>\n<p style=\"text-align: justify;\" data-start=\"879\" data-end=\"984\">A\u00fan no llega el 2027, pero los dardos envenenados ya se lanzan sin pudor. Y la carambola apenas comienza.<\/p>\n<p data-start=\"879\" data-end=\"984\"><img loading=\"lazy\" decoding=\"async\" class=\"alignnone size-full wp-image-42225\" src=\"https:\/\/labestiapolitica.com.mx\/wp-content\/uploads\/2025\/05\/Proyecto-nuevo-3-4.jpg\" alt=\"\" width=\"1000\" height=\"600\" srcset=\"https:\/\/labestiapolitica.com.mx\/wp-content\/uploads\/2025\/05\/Proyecto-nuevo-3-4.jpg 1000w, https:\/\/labestiapolitica.com.mx\/wp-content\/uploads\/2025\/05\/Proyecto-nuevo-3-4-300x180.jpg 300w, https:\/\/labestiapolitica.com.mx\/wp-content\/uploads\/2025\/05\/Proyecto-nuevo-3-4-768x461.jpg 768w\" sizes=\"auto, (max-width: 1000px) 100vw, 1000px\" \/><\/p>\n<p data-start=\"2194\" data-end=\"2350\">****<\/p>\n<p style=\"text-align: justify;\" data-start=\"2194\" data-end=\"2350\"><strong>AHORA S\u00cd, LA \u00daLTIMA Y NOS VAMOS.<\/strong>..<em data-start=\"158\" data-end=\"232\">Un relevo cuestionado en la Secretar\u00eda de Infraestructura. <\/em>Apenas estaba disfrutando su nombramiento&#8230; y ya le estaban dando la bienvenida.<\/p>\n<p style=\"text-align: justify;\" data-start=\"319\" data-end=\"445\">Fue el periodista <strong data-start=\"337\" data-end=\"354\">Fabi\u00e1n Robles<\/strong>, del portal <em data-start=\"367\" data-end=\"378\">Faro Tlax<\/em>, quien le record\u00f3 que en pol\u00edtica el pasado siempre cobra factura.<\/p>\n<p style=\"text-align: justify;\" data-start=\"447\" data-end=\"780\"><strong data-start=\"447\" data-end=\"480\">Eduardo Rub\u00e9n Hern\u00e1ndez Tapia<\/strong>, se\u00f1alado por posibles actos irregulares durante su paso por la <strong data-start=\"545\" data-end=\"562\">Segob federal<\/strong>, fue designado como nuevo titular de la <strong data-start=\"603\" data-end=\"648\">Secretar\u00eda de Infraestructura en Tlaxcala<\/strong>. Su nombramiento lleg\u00f3 tras la salida discreta del jalisciense <strong data-start=\"712\" data-end=\"728\">Diego Corona<\/strong>, que el gobierno estatal no dio a conocer cinco d\u00edas, fiel al estilo del silencio que los caracteriza.<\/p>\n<p style=\"text-align: justify;\" data-start=\"782\" data-end=\"1099\">Y mientras varios apenas lo googleaban, un dato encendi\u00f3 las alarmas: <strong data-start=\"852\" data-end=\"972\">el mismo d\u00eda que ingres\u00f3 a la administraci\u00f3n de Lorena Cu\u00e9llar, compr\u00f3 de contado un Buick Envision de 500 mil pesos<\/strong>.<\/p>\n<p style=\"text-align: justify;\" data-start=\"782\" data-end=\"1099\">Podr\u00e1n decir que tiene derecho a comprarse lo que quiera&#8230; pero <strong data-start=\"1041\" data-end=\"1098\">el discurso de austeridad de la 4T queda hecho trizas<\/strong>.<\/p>\n<p style=\"text-align: justify;\" data-start=\"1101\" data-end=\"1335\"><strong data-start=\"1101\" data-end=\"1141\">\u00bfM\u00e9rito t\u00e9cnico o premio anticipado?<\/strong><\/p>\n<p style=\"text-align: justify;\" data-start=\"1101\" data-end=\"1335\">La opacidad del proceso, el perfil del nuevo secretario y su pasado reciente <strong data-start=\"1221\" data-end=\"1335\">reavivan las dudas sobre la \u00e9tica y los criterios con los que se reparten los cargos en el gobierno morenista.<\/strong><\/p>\n<p data-start=\"1101\" data-end=\"1335\"><img loading=\"lazy\" decoding=\"async\" class=\"alignnone size-full wp-image-42179\" src=\"https:\/\/labestiapolitica.com.mx\/wp-content\/uploads\/2025\/05\/Proyecto-nuevo-1-3.jpg\" alt=\"\" width=\"1000\" height=\"600\" srcset=\"https:\/\/labestiapolitica.com.mx\/wp-content\/uploads\/2025\/05\/Proyecto-nuevo-1-3.jpg 1000w, https:\/\/labestiapolitica.com.mx\/wp-content\/uploads\/2025\/05\/Proyecto-nuevo-1-3-300x180.jpg 300w, https:\/\/labestiapolitica.com.mx\/wp-content\/uploads\/2025\/05\/Proyecto-nuevo-1-3-768x461.jpg 768w\" sizes=\"auto, (max-width: 1000px) 100vw, 1000px\" \/><\/p>\n","protected":false},"excerpt":{"rendered":"<p>Mientras el Partido del Trabajo presume m\u00fasculo, cuadros visibles y aspiraciones propias rumbo a 2027, una frase lo derrumba todo: \u201cAl PT no le alcanza solos para querer ganar la gubernatura de Tlaxcala en 2027.\u201d La sentencia no vino de la oposici\u00f3n, ni de alg\u00fan analista inc\u00f3modo, sino del propio diputado federal petista Jos\u00e9 Alejandro [&hellip;]<\/p>\n","protected":false},"author":3,"featured_media":41271,"comment_status":"open","ping_status":"open","sticky":false,"template":"","format":"standard","meta":{"footnotes":""},"categories":[2],"tags":[],"class_list":["post-42221","post","type-post","status-publish","format-standard","has-post-thumbnail","hentry","category-el-bestiario"],"amp_enabled":true,"_links":{"self":[{"href":"https:\/\/labestiapolitica.com.mx\/index.php?rest_route=\/wp\/v2\/posts\/42221","targetHints":{"allow":["GET"]}}],"collection":[{"href":"https:\/\/labestiapolitica.com.mx\/index.php?rest_route=\/wp\/v2\/posts"}],"about":[{"href":"https:\/\/labestiapolitica.com.mx\/index.php?rest_route=\/wp\/v2\/types\/post"}],"author":[{"embeddable":true,"href":"https:\/\/labestiapolitica.com.mx\/index.php?rest_route=\/wp\/v2\/users\/3"}],"replies":[{"embeddable":true,"href":"https:\/\/labestiapolitica.com.mx\/index.php?rest_route=%2Fwp%2Fv2%2Fcomments&post=42221"}],"version-history":[{"count":1,"href":"https:\/\/labestiapolitica.com.mx\/index.php?rest_route=\/wp\/v2\/posts\/42221\/revisions"}],"predecessor-version":[{"id":42226,"href":"https:\/\/labestiapolitica.com.mx\/index.php?rest_route=\/wp\/v2\/posts\/42221\/revisions\/42226"}],"wp:featuredmedia":[{"embeddable":true,"href":"https:\/\/labestiapolitica.com.mx\/index.php?rest_route=\/wp\/v2\/media\/41271"}],"wp:attachment":[{"href":"https:\/\/labestiapolitica.com.mx\/index.php?rest_route=%2Fwp%2Fv2%2Fmedia&parent=42221"}],"wp:term":[{"taxonomy":"category","embeddable":true,"href":"https:\/\/labestiapolitica.com.mx\/index.php?rest_route=%2Fwp%2Fv2%2Fcategories&post=42221"},{"taxonomy":"post_tag","embeddable":true,"href":"https:\/\/labestiapolitica.com.mx\/index.php?rest_route=%2Fwp%2Fv2%2Ftags&post=42221"}],"curies":[{"name":"wp","href":"https:\/\/api.w.org\/{rel}","templated":true}]}}