{"id":42238,"date":"2025-05-22T14:46:08","date_gmt":"2025-05-22T20:46:08","guid":{"rendered":"https:\/\/labestiapolitica.com.mx\/?p=42238"},"modified":"2025-05-22T14:46:08","modified_gmt":"2025-05-22T20:46:08","slug":"huamantla-se-consolida-como-polo-de-desarrollo-economico-en-el-plan-mexico-del-gobierno-federal","status":"publish","type":"post","link":"https:\/\/labestiapolitica.com.mx\/?p=42238","title":{"rendered":"HUAMANTLA SE CONSOLIDA COMO POLO DE DESARROLLO ECON\u00d3MICO EN EL PLAN M\u00c9XICO DEL GOBIERNO FEDERAL"},"content":{"rendered":"<p style=\"text-align: justify;\">\u2022 Tlaxcala se integra as\u00ed a esta estrategia nacional<\/p>\n<p style=\"text-align: justify;\">\u2022 Su objetivo es impulsar el desarrollo mediante la atracci\u00f3n de inversi\u00f3n privada nacional y extranjera<\/p>\n<p style=\"text-align: justify;\">El Gobierno Federal ha integrado a Tlaxcala en el Plan M\u00e9xico, convirtiendo a Huamantla en un polo de desarrollo econ\u00f3mico, estrategia nacional impulsada por el Gobierno Federal, a trav\u00e9s de la Secretar\u00eda de Econom\u00eda, con el objetivo de generar prosperidad compartida en regiones con potencial en el pa\u00eds.<\/p>\n<p style=\"text-align: justify;\">Lo anterior fue presentado este jueves en \u201cLa Ma\u00f1anera\u201d, de la Presidenta de M\u00e9xico, Claudia Sheinbaum Pardo, donde se coloca al municipio que preside Salvador Santos Cedillo, como uno de los nuevos Polos de Desarrollo Econ\u00f3mico para el Bienestar, lo que implica incentivos fiscales, facilidades regulatorias y condiciones preferenciales para atraer inversi\u00f3n nacional y extranjera.<\/p>\n<p style=\"text-align: justify;\">Lo anterior result\u00f3 gracias a que Huamantla, Pueblo M\u00e1gico, cumple con los criterios t\u00e9cnicos y de infraestructura definidos por la Comisi\u00f3n Intersecretarial del Plan M\u00e9xico, producto del trabajo sostenido de la administraci\u00f3n municipal con el Gobierno del Estado, que dirige la gobernadora Lorena Cu\u00e9llar Cisneros, quien se ha ocupado por impulsar proyectos en materia de conectividad, desarrollo industrial y atracci\u00f3n de inversiones.<\/p>\n<p style=\"text-align: justify;\">A ello se suma la labor del secretario de Desarrollo Econ\u00f3mico del Estado, Javier Marroqu\u00edn Calder\u00f3n, quien ha acompa\u00f1ado este proceso de manera puntual en favor de Huamantla.<\/p>\n<p style=\"text-align: justify;\">De acuerdo con el Plan M\u00e9xico, ahora que Huamantla se integra a esta estrategia se impulsar\u00e1 la llegada a este municipio de empresas del ramo de la agroindustria, farmac\u00e9utica, textil, electr\u00f3nica, log\u00edstica, metalmec\u00e1nica, entre otras m\u00e1s, donde las peque\u00f1as y medianas empresas del municipio podr\u00e1n incorporarse a cadenas de valor con respaldo institucional.<\/p>\n<p style=\"text-align: justify;\">Finalmente, a decir del Secretario de Econom\u00eda, Marcelo Ebrard Casaub\u00f3n, el reto ser\u00e1 convertir esta oportunidad para los nuevos polos en resultados tangibles para la poblaci\u00f3n, bajo una visi\u00f3n que busca crecimiento econ\u00f3mico, pero tambi\u00e9n bienestar social\u00a0sostenible.<\/p>\n<p style=\"text-align: justify;\"><img loading=\"lazy\" decoding=\"async\" class=\"alignnone size-full wp-image-42240\" src=\"https:\/\/labestiapolitica.com.mx\/wp-content\/uploads\/2025\/05\/2-1.jpg\" alt=\"\" width=\"2000\" height=\"1200\" srcset=\"https:\/\/labestiapolitica.com.mx\/wp-content\/uploads\/2025\/05\/2-1.jpg 2000w, https:\/\/labestiapolitica.com.mx\/wp-content\/uploads\/2025\/05\/2-1-300x180.jpg 300w, https:\/\/labestiapolitica.com.mx\/wp-content\/uploads\/2025\/05\/2-1-1024x614.jpg 1024w, https:\/\/labestiapolitica.com.mx\/wp-content\/uploads\/2025\/05\/2-1-768x461.jpg 768w, https:\/\/labestiapolitica.com.mx\/wp-content\/uploads\/2025\/05\/2-1-1536x922.jpg 1536w\" sizes=\"auto, (max-width: 2000px) 100vw, 2000px\" \/> <img loading=\"lazy\" decoding=\"async\" class=\"alignnone size-full wp-image-42241\" src=\"https:\/\/labestiapolitica.com.mx\/wp-content\/uploads\/2025\/05\/3-1.jpg\" alt=\"\" width=\"2000\" height=\"1200\" srcset=\"https:\/\/labestiapolitica.com.mx\/wp-content\/uploads\/2025\/05\/3-1.jpg 2000w, https:\/\/labestiapolitica.com.mx\/wp-content\/uploads\/2025\/05\/3-1-300x180.jpg 300w, https:\/\/labestiapolitica.com.mx\/wp-content\/uploads\/2025\/05\/3-1-1024x614.jpg 1024w, https:\/\/labestiapolitica.com.mx\/wp-content\/uploads\/2025\/05\/3-1-768x461.jpg 768w, https:\/\/labestiapolitica.com.mx\/wp-content\/uploads\/2025\/05\/3-1-1536x922.jpg 1536w\" sizes=\"auto, (max-width: 2000px) 100vw, 2000px\" \/> <img loading=\"lazy\" decoding=\"async\" class=\"alignnone size-full wp-image-42242\" src=\"https:\/\/labestiapolitica.com.mx\/wp-content\/uploads\/2025\/05\/4-1.jpg\" alt=\"\" width=\"2000\" height=\"1200\" srcset=\"https:\/\/labestiapolitica.com.mx\/wp-content\/uploads\/2025\/05\/4-1.jpg 2000w, https:\/\/labestiapolitica.com.mx\/wp-content\/uploads\/2025\/05\/4-1-300x180.jpg 300w, https:\/\/labestiapolitica.com.mx\/wp-content\/uploads\/2025\/05\/4-1-1024x614.jpg 1024w, https:\/\/labestiapolitica.com.mx\/wp-content\/uploads\/2025\/05\/4-1-768x461.jpg 768w, https:\/\/labestiapolitica.com.mx\/wp-content\/uploads\/2025\/05\/4-1-1536x922.jpg 1536w\" sizes=\"auto, (max-width: 2000px) 100vw, 2000px\" \/> <img loading=\"lazy\" decoding=\"async\" class=\"alignnone size-full wp-image-42243\" src=\"https:\/\/labestiapolitica.com.mx\/wp-content\/uploads\/2025\/05\/5-1.jpg\" alt=\"\" width=\"2000\" height=\"1200\" srcset=\"https:\/\/labestiapolitica.com.mx\/wp-content\/uploads\/2025\/05\/5-1.jpg 2000w, https:\/\/labestiapolitica.com.mx\/wp-content\/uploads\/2025\/05\/5-1-300x180.jpg 300w, https:\/\/labestiapolitica.com.mx\/wp-content\/uploads\/2025\/05\/5-1-1024x614.jpg 1024w, https:\/\/labestiapolitica.com.mx\/wp-content\/uploads\/2025\/05\/5-1-768x461.jpg 768w, https:\/\/labestiapolitica.com.mx\/wp-content\/uploads\/2025\/05\/5-1-1536x922.jpg 1536w\" sizes=\"auto, (max-width: 2000px) 100vw, 2000px\" \/><\/p>\n","protected":false},"excerpt":{"rendered":"<p>\u2022 Tlaxcala se integra as\u00ed a esta estrategia nacional \u2022 Su objetivo es impulsar el desarrollo mediante la atracci\u00f3n de inversi\u00f3n privada nacional y extranjera El Gobierno Federal ha integrado a Tlaxcala en el Plan M\u00e9xico, convirtiendo a Huamantla en un polo de desarrollo econ\u00f3mico, estrategia nacional impulsada por el Gobierno Federal, a trav\u00e9s de [&hellip;]<\/p>\n","protected":false},"author":3,"featured_media":42239,"comment_status":"open","ping_status":"open","sticky":false,"template":"","format":"standard","meta":{"footnotes":""},"categories":[216],"tags":[],"class_list":["post-42238","post","type-post","status-publish","format-standard","has-post-thumbnail","hentry","category-municipios"],"amp_enabled":true,"_links":{"self":[{"href":"https:\/\/labestiapolitica.com.mx\/index.php?rest_route=\/wp\/v2\/posts\/42238","targetHints":{"allow":["GET"]}}],"collection":[{"href":"https:\/\/labestiapolitica.com.mx\/index.php?rest_route=\/wp\/v2\/posts"}],"about":[{"href":"https:\/\/labestiapolitica.com.mx\/index.php?rest_route=\/wp\/v2\/types\/post"}],"author":[{"embeddable":true,"href":"https:\/\/labestiapolitica.com.mx\/index.php?rest_route=\/wp\/v2\/users\/3"}],"replies":[{"embeddable":true,"href":"https:\/\/labestiapolitica.com.mx\/index.php?rest_route=%2Fwp%2Fv2%2Fcomments&post=42238"}],"version-history":[{"count":1,"href":"https:\/\/labestiapolitica.com.mx\/index.php?rest_route=\/wp\/v2\/posts\/42238\/revisions"}],"predecessor-version":[{"id":42244,"href":"https:\/\/labestiapolitica.com.mx\/index.php?rest_route=\/wp\/v2\/posts\/42238\/revisions\/42244"}],"wp:featuredmedia":[{"embeddable":true,"href":"https:\/\/labestiapolitica.com.mx\/index.php?rest_route=\/wp\/v2\/media\/42239"}],"wp:attachment":[{"href":"https:\/\/labestiapolitica.com.mx\/index.php?rest_route=%2Fwp%2Fv2%2Fmedia&parent=42238"}],"wp:term":[{"taxonomy":"category","embeddable":true,"href":"https:\/\/labestiapolitica.com.mx\/index.php?rest_route=%2Fwp%2Fv2%2Fcategories&post=42238"},{"taxonomy":"post_tag","embeddable":true,"href":"https:\/\/labestiapolitica.com.mx\/index.php?rest_route=%2Fwp%2Fv2%2Ftags&post=42238"}],"curies":[{"name":"wp","href":"https:\/\/api.w.org\/{rel}","templated":true}]}}