{"id":42245,"date":"2025-05-22T15:15:20","date_gmt":"2025-05-22T21:15:20","guid":{"rendered":"https:\/\/labestiapolitica.com.mx\/?p=42245"},"modified":"2025-05-22T15:15:20","modified_gmt":"2025-05-22T21:15:20","slug":"tlaxcala-avanza-en-la-conmemoracion-por-los-500-anos-de-su-fundacion","status":"publish","type":"post","link":"https:\/\/labestiapolitica.com.mx\/?p=42245","title":{"rendered":"Tlaxcala avanza en la conmemoraci\u00f3n por los 500 a\u00f1os de su fundaci\u00f3n"},"content":{"rendered":"<p style=\"text-align: justify;\" data-start=\"181\" data-end=\"446\">El presidente municipal de Tlaxcala, Alfonso S\u00e1nchez Garc\u00eda, encabez\u00f3 una reuni\u00f3n junto a la secretaria de Cultura, Karen Villeda, para presentar los avances en la programaci\u00f3n de actividades conmemorativas por los 500 a\u00f1os de la fundaci\u00f3n de la Ciudad de Tlaxcala.<\/p>\n<p style=\"text-align: justify;\" data-start=\"448\" data-end=\"734\">Durante el encuentro, se dio a conocer que se contemplan ocho hermanamientos con ciudades donde existe registro de asentamientos tlaxcaltecas, como parte de las acciones para reconocer y fortalecer los lazos hist\u00f3ricos y culturales de la capital con otras regiones del pa\u00eds y del mundo.<\/p>\n<p style=\"text-align: justify;\" data-start=\"736\" data-end=\"1120\">En la misma sesi\u00f3n, el edil inform\u00f3 que, a trav\u00e9s de la Comisi\u00f3n de Alto Nivel e Infraestructura, se logr\u00f3 gestionar una nueva iluminaci\u00f3n para la Bas\u00edlica de Ocotl\u00e1n, uno de los recintos religiosos m\u00e1s emblem\u00e1ticos del estado. Asimismo, est\u00e1 en proceso la solicitud formal ante el Banco de M\u00e9xico para acu\u00f1ar una moneda conmemorativa de 20 pesos, alusiva a esta importante efem\u00e9ride.<\/p>\n<p style=\"text-align: justify;\" data-start=\"1122\" data-end=\"1432\">Tanto Alfonso S\u00e1nchez Garc\u00eda como Karen Villeda extendieron una invitaci\u00f3n a las y los presidentes municipales de todo el estado para que env\u00eden propuestas y se sumen de forma activa a esta celebraci\u00f3n hist\u00f3rica, que busca resaltar la identidad, el legado y la trascendencia de Tlaxcala en el devenir nacional.<\/p>\n<p style=\"text-align: justify;\" data-start=\"1434\" data-end=\"1611\">Con estas acciones, el Ayuntamiento de Tlaxcala reafirma su compromiso con la historia y la cultura que dan forma a nuestro presente y fortalecen el orgullo de ser tlaxcaltecas.<\/p>\n<p style=\"text-align: justify;\" data-start=\"1613\" data-end=\"1767\">#Tlaxcala500A\u00f1os<br data-start=\"1629\" data-end=\"1632\" \/>#HistoriaQueEscribimosJuntos<br data-start=\"1660\" data-end=\"1663\" \/>#TlaxcalaDeXicoht\u00e9ncatl<br data-start=\"1686\" data-end=\"1689\" \/>#LaBestiaPoliticaTlaxcalaCapital<br data-start=\"1721\" data-end=\"1724\" \/>@AytoTlaxcala<br data-start=\"1737\" data-end=\"1740\" \/>@alfonsosanchezgarcia.tlx<\/p>\n<p data-start=\"1613\" data-end=\"1767\"><img loading=\"lazy\" decoding=\"async\" class=\"alignnone size-full wp-image-42247\" src=\"https:\/\/labestiapolitica.com.mx\/wp-content\/uploads\/2025\/05\/1-2.jpg\" alt=\"\" width=\"2000\" height=\"1200\" srcset=\"https:\/\/labestiapolitica.com.mx\/wp-content\/uploads\/2025\/05\/1-2.jpg 2000w, https:\/\/labestiapolitica.com.mx\/wp-content\/uploads\/2025\/05\/1-2-300x180.jpg 300w, https:\/\/labestiapolitica.com.mx\/wp-content\/uploads\/2025\/05\/1-2-1024x614.jpg 1024w, https:\/\/labestiapolitica.com.mx\/wp-content\/uploads\/2025\/05\/1-2-768x461.jpg 768w, https:\/\/labestiapolitica.com.mx\/wp-content\/uploads\/2025\/05\/1-2-1536x922.jpg 1536w\" sizes=\"auto, (max-width: 2000px) 100vw, 2000px\" \/> <img loading=\"lazy\" decoding=\"async\" class=\"alignnone size-full wp-image-42248\" src=\"https:\/\/labestiapolitica.com.mx\/wp-content\/uploads\/2025\/05\/2-2.jpg\" alt=\"\" width=\"2000\" height=\"1200\" srcset=\"https:\/\/labestiapolitica.com.mx\/wp-content\/uploads\/2025\/05\/2-2.jpg 2000w, https:\/\/labestiapolitica.com.mx\/wp-content\/uploads\/2025\/05\/2-2-300x180.jpg 300w, https:\/\/labestiapolitica.com.mx\/wp-content\/uploads\/2025\/05\/2-2-1024x614.jpg 1024w, https:\/\/labestiapolitica.com.mx\/wp-content\/uploads\/2025\/05\/2-2-768x461.jpg 768w, https:\/\/labestiapolitica.com.mx\/wp-content\/uploads\/2025\/05\/2-2-1536x922.jpg 1536w\" sizes=\"auto, (max-width: 2000px) 100vw, 2000px\" \/><\/p>\n","protected":false},"excerpt":{"rendered":"<p>El presidente municipal de Tlaxcala, Alfonso S\u00e1nchez Garc\u00eda, encabez\u00f3 una reuni\u00f3n junto a la secretaria de Cultura, Karen Villeda, para presentar los avances en la programaci\u00f3n de actividades conmemorativas por los 500 a\u00f1os de la fundaci\u00f3n de la Ciudad de Tlaxcala. Durante el encuentro, se dio a conocer que se contemplan ocho hermanamientos con ciudades [&hellip;]<\/p>\n","protected":false},"author":3,"featured_media":42246,"comment_status":"open","ping_status":"open","sticky":false,"template":"","format":"standard","meta":{"footnotes":""},"categories":[216,214],"tags":[],"class_list":["post-42245","post","type-post","status-publish","format-standard","has-post-thumbnail","hentry","category-municipios","category-tlaxcala-capital"],"amp_enabled":true,"_links":{"self":[{"href":"https:\/\/labestiapolitica.com.mx\/index.php?rest_route=\/wp\/v2\/posts\/42245","targetHints":{"allow":["GET"]}}],"collection":[{"href":"https:\/\/labestiapolitica.com.mx\/index.php?rest_route=\/wp\/v2\/posts"}],"about":[{"href":"https:\/\/labestiapolitica.com.mx\/index.php?rest_route=\/wp\/v2\/types\/post"}],"author":[{"embeddable":true,"href":"https:\/\/labestiapolitica.com.mx\/index.php?rest_route=\/wp\/v2\/users\/3"}],"replies":[{"embeddable":true,"href":"https:\/\/labestiapolitica.com.mx\/index.php?rest_route=%2Fwp%2Fv2%2Fcomments&post=42245"}],"version-history":[{"count":1,"href":"https:\/\/labestiapolitica.com.mx\/index.php?rest_route=\/wp\/v2\/posts\/42245\/revisions"}],"predecessor-version":[{"id":42249,"href":"https:\/\/labestiapolitica.com.mx\/index.php?rest_route=\/wp\/v2\/posts\/42245\/revisions\/42249"}],"wp:featuredmedia":[{"embeddable":true,"href":"https:\/\/labestiapolitica.com.mx\/index.php?rest_route=\/wp\/v2\/media\/42246"}],"wp:attachment":[{"href":"https:\/\/labestiapolitica.com.mx\/index.php?rest_route=%2Fwp%2Fv2%2Fmedia&parent=42245"}],"wp:term":[{"taxonomy":"category","embeddable":true,"href":"https:\/\/labestiapolitica.com.mx\/index.php?rest_route=%2Fwp%2Fv2%2Fcategories&post=42245"},{"taxonomy":"post_tag","embeddable":true,"href":"https:\/\/labestiapolitica.com.mx\/index.php?rest_route=%2Fwp%2Fv2%2Ftags&post=42245"}],"curies":[{"name":"wp","href":"https:\/\/api.w.org\/{rel}","templated":true}]}}