{"id":42259,"date":"2025-05-22T16:33:15","date_gmt":"2025-05-22T22:33:15","guid":{"rendered":"https:\/\/labestiapolitica.com.mx\/?p=42259"},"modified":"2025-05-22T17:31:08","modified_gmt":"2025-05-22T23:31:08","slug":"%f0%9f%93%9a-gobierno-y-comunidad-fortalecen-alianza-por-la-educacion-en-telesecundaria-de-tetla","status":"publish","type":"post","link":"https:\/\/labestiapolitica.com.mx\/?p=42259","title":{"rendered":"\ud83d\udcda Gobierno y comunidad fortalecen alianza por la educaci\u00f3n en Telesecundaria de #Tetla"},"content":{"rendered":"<p data-start=\"249\" data-end=\"638\"><strong data-start=\"249\" data-end=\"304\">Tetla de la Solidaridad, Tlax., 22 de mayo de 2025.<\/strong> \u2013 En un acto que reafirma el compromiso con la mejora de la educaci\u00f3n p\u00fablica, autoridades estatales y municipales visitaron la Telesecundaria <strong data-start=\"448\" data-end=\"479\">Emilio Azc\u00e1rraga Vidaurreta<\/strong>, donde sostuvieron un di\u00e1logo directo con padres de familia y personal docente para fortalecer los v\u00ednculos institucionales en favor del desarrollo educativo.<\/p>\n<p data-start=\"640\" data-end=\"1035\">El recorrido fue encabezado por el <strong data-start=\"675\" data-end=\"707\">Mtro. Omar Cuatianquiz \u00c1vila<\/strong>, Director de Planeaci\u00f3n Educativa de la SEPE-USET, quien estuvo acompa\u00f1ado por el <strong data-start=\"790\" data-end=\"851\">Presidente Municipal de Tetla, Lic. Giovani Montiel L\u00f3pez<\/strong>. Durante la visita, fueron recibidos por el director del plantel, <strong data-start=\"918\" data-end=\"945\">Mtro. El\u00edas Flores Maza<\/strong>, as\u00ed como por madres y padres de familia comprometidos con la mejora del entorno escolar.<\/p>\n<p data-start=\"1037\" data-end=\"1395\">En este espacio de di\u00e1logo y cooperaci\u00f3n, las familias manifestaron su disposici\u00f3n a trabajar de la mano con las autoridades para garantizar mejores condiciones para las y los estudiantes. Se abordaron necesidades prioritarias del plantel, y se valoraron acciones conjuntas que permitan avanzar hacia una educaci\u00f3n m\u00e1s digna, incluyente y con sentido social.<\/p>\n<p data-start=\"1397\" data-end=\"1577\">La presencia de autoridades en territorio refuerza el v\u00ednculo entre gobierno y sociedad, y representa un paso m\u00e1s hacia el fortalecimiento de las comunidades escolares en Tlaxcala.<\/p>\n","protected":false},"excerpt":{"rendered":"<p>Tetla de la Solidaridad, Tlax., 22 de mayo de 2025. \u2013 En un acto que reafirma el compromiso con la mejora de la educaci\u00f3n p\u00fablica, autoridades estatales y municipales visitaron la Telesecundaria Emilio Azc\u00e1rraga Vidaurreta, donde sostuvieron un di\u00e1logo directo con padres de familia y personal docente para fortalecer los v\u00ednculos institucionales en favor del [&hellip;]<\/p>\n","protected":false},"author":3,"featured_media":42260,"comment_status":"open","ping_status":"open","sticky":false,"template":"","format":"standard","meta":{"footnotes":""},"categories":[216,227],"tags":[],"class_list":["post-42259","post","type-post","status-publish","format-standard","has-post-thumbnail","hentry","category-municipios","category-tetla"],"amp_enabled":true,"_links":{"self":[{"href":"https:\/\/labestiapolitica.com.mx\/index.php?rest_route=\/wp\/v2\/posts\/42259","targetHints":{"allow":["GET"]}}],"collection":[{"href":"https:\/\/labestiapolitica.com.mx\/index.php?rest_route=\/wp\/v2\/posts"}],"about":[{"href":"https:\/\/labestiapolitica.com.mx\/index.php?rest_route=\/wp\/v2\/types\/post"}],"author":[{"embeddable":true,"href":"https:\/\/labestiapolitica.com.mx\/index.php?rest_route=\/wp\/v2\/users\/3"}],"replies":[{"embeddable":true,"href":"https:\/\/labestiapolitica.com.mx\/index.php?rest_route=%2Fwp%2Fv2%2Fcomments&post=42259"}],"version-history":[{"count":2,"href":"https:\/\/labestiapolitica.com.mx\/index.php?rest_route=\/wp\/v2\/posts\/42259\/revisions"}],"predecessor-version":[{"id":42262,"href":"https:\/\/labestiapolitica.com.mx\/index.php?rest_route=\/wp\/v2\/posts\/42259\/revisions\/42262"}],"wp:featuredmedia":[{"embeddable":true,"href":"https:\/\/labestiapolitica.com.mx\/index.php?rest_route=\/wp\/v2\/media\/42260"}],"wp:attachment":[{"href":"https:\/\/labestiapolitica.com.mx\/index.php?rest_route=%2Fwp%2Fv2%2Fmedia&parent=42259"}],"wp:term":[{"taxonomy":"category","embeddable":true,"href":"https:\/\/labestiapolitica.com.mx\/index.php?rest_route=%2Fwp%2Fv2%2Fcategories&post=42259"},{"taxonomy":"post_tag","embeddable":true,"href":"https:\/\/labestiapolitica.com.mx\/index.php?rest_route=%2Fwp%2Fv2%2Ftags&post=42259"}],"curies":[{"name":"wp","href":"https:\/\/api.w.org\/{rel}","templated":true}]}}