{"id":42268,"date":"2025-05-22T18:04:51","date_gmt":"2025-05-23T00:04:51","guid":{"rendered":"https:\/\/labestiapolitica.com.mx\/?p=42268"},"modified":"2025-05-22T18:04:51","modified_gmt":"2025-05-23T00:04:51","slug":"zacatelco-fortalece-la-cultura-de-la-prevencion-con-campana-de-numeros-de-emergencia","status":"publish","type":"post","link":"https:\/\/labestiapolitica.com.mx\/?p=42268","title":{"rendered":"Zacatelco fortalece la cultura de la prevenci\u00f3n con campa\u00f1a de n\u00fameros de emergencia"},"content":{"rendered":"<p style=\"text-align: justify;\" data-start=\"278\" data-end=\"587\">En una acci\u00f3n conjunta para fomentar entornos m\u00e1s seguros, el Gobierno Municipal de Zacatelco, en coordinaci\u00f3n con el Centro Estatal de Prevenci\u00f3n Social (CEPS), puso en marcha una campa\u00f1a de difusi\u00f3n sobre los n\u00fameros de emergencia, como parte de las estrategias de proximidad social y prevenci\u00f3n del delito.<\/p>\n<p style=\"text-align: justify;\" data-start=\"589\" data-end=\"924\">A trav\u00e9s del \u00e1rea de Proximidad Social y Prevenci\u00f3n del Delito, elementos de seguridad municipal recorren diferentes puntos del municipio para entregar informaci\u00f3n vital a la ciudadan\u00eda, destacando los pasos a seguir en caso de emergencia y recordando los tel\u00e9fonos de contacto que pueden marcar la diferencia en una situaci\u00f3n cr\u00edtica.<\/p>\n<p style=\"text-align: justify;\" data-start=\"926\" data-end=\"1143\">Taxis, establecimientos comerciales y transe\u00fantes est\u00e1n siendo sensibilizados para actuar con responsabilidad y prontitud ante cualquier eventualidad, promoviendo as\u00ed una cultura de autoprotecci\u00f3n y denuncia oportuna.<\/p>\n<p style=\"text-align: justify;\" data-start=\"1145\" data-end=\"1441\">Estas acciones reafirman el compromiso del presidente municipal, Jos\u00e9 Miguel Acatzi Luna, con la seguridad y el bienestar de las y los zacatelquenses. La prevenci\u00f3n es una herramienta clave en la construcci\u00f3n de un Zacatelco m\u00e1s fuerte, seguro y consciente de su papel en la reducci\u00f3n de riesgos.<\/p>\n<p data-start=\"1145\" data-end=\"1441\"><img loading=\"lazy\" decoding=\"async\" class=\"alignnone size-full wp-image-42270\" src=\"https:\/\/labestiapolitica.com.mx\/wp-content\/uploads\/2025\/05\/3-16.png\" alt=\"\" width=\"2000\" height=\"1200\" srcset=\"https:\/\/labestiapolitica.com.mx\/wp-content\/uploads\/2025\/05\/3-16.png 2000w, https:\/\/labestiapolitica.com.mx\/wp-content\/uploads\/2025\/05\/3-16-300x180.png 300w, https:\/\/labestiapolitica.com.mx\/wp-content\/uploads\/2025\/05\/3-16-1024x614.png 1024w, https:\/\/labestiapolitica.com.mx\/wp-content\/uploads\/2025\/05\/3-16-768x461.png 768w, https:\/\/labestiapolitica.com.mx\/wp-content\/uploads\/2025\/05\/3-16-1536x922.png 1536w\" sizes=\"auto, (max-width: 2000px) 100vw, 2000px\" \/> <img loading=\"lazy\" decoding=\"async\" class=\"alignnone size-full wp-image-42271\" src=\"https:\/\/labestiapolitica.com.mx\/wp-content\/uploads\/2025\/05\/4-9.png\" alt=\"\" width=\"2000\" height=\"1200\" srcset=\"https:\/\/labestiapolitica.com.mx\/wp-content\/uploads\/2025\/05\/4-9.png 2000w, https:\/\/labestiapolitica.com.mx\/wp-content\/uploads\/2025\/05\/4-9-300x180.png 300w, https:\/\/labestiapolitica.com.mx\/wp-content\/uploads\/2025\/05\/4-9-1024x614.png 1024w, https:\/\/labestiapolitica.com.mx\/wp-content\/uploads\/2025\/05\/4-9-768x461.png 768w, https:\/\/labestiapolitica.com.mx\/wp-content\/uploads\/2025\/05\/4-9-1536x922.png 1536w\" sizes=\"auto, (max-width: 2000px) 100vw, 2000px\" \/> <img loading=\"lazy\" decoding=\"async\" class=\"alignnone size-full wp-image-42272\" src=\"https:\/\/labestiapolitica.com.mx\/wp-content\/uploads\/2025\/05\/5-1.png\" alt=\"\" width=\"2000\" height=\"1200\" srcset=\"https:\/\/labestiapolitica.com.mx\/wp-content\/uploads\/2025\/05\/5-1.png 2000w, https:\/\/labestiapolitica.com.mx\/wp-content\/uploads\/2025\/05\/5-1-300x180.png 300w, https:\/\/labestiapolitica.com.mx\/wp-content\/uploads\/2025\/05\/5-1-1024x614.png 1024w, https:\/\/labestiapolitica.com.mx\/wp-content\/uploads\/2025\/05\/5-1-768x461.png 768w, https:\/\/labestiapolitica.com.mx\/wp-content\/uploads\/2025\/05\/5-1-1536x922.png 1536w\" sizes=\"auto, (max-width: 2000px) 100vw, 2000px\" \/><\/p>\n","protected":false},"excerpt":{"rendered":"<p>En una acci\u00f3n conjunta para fomentar entornos m\u00e1s seguros, el Gobierno Municipal de Zacatelco, en coordinaci\u00f3n con el Centro Estatal de Prevenci\u00f3n Social (CEPS), puso en marcha una campa\u00f1a de difusi\u00f3n sobre los n\u00fameros de emergencia, como parte de las estrategias de proximidad social y prevenci\u00f3n del delito. A trav\u00e9s del \u00e1rea de Proximidad Social [&hellip;]<\/p>\n","protected":false},"author":3,"featured_media":42269,"comment_status":"open","ping_status":"open","sticky":false,"template":"","format":"standard","meta":{"footnotes":""},"categories":[216,217],"tags":[],"class_list":["post-42268","post","type-post","status-publish","format-standard","has-post-thumbnail","hentry","category-municipios","category-zacatelco"],"amp_enabled":true,"_links":{"self":[{"href":"https:\/\/labestiapolitica.com.mx\/index.php?rest_route=\/wp\/v2\/posts\/42268","targetHints":{"allow":["GET"]}}],"collection":[{"href":"https:\/\/labestiapolitica.com.mx\/index.php?rest_route=\/wp\/v2\/posts"}],"about":[{"href":"https:\/\/labestiapolitica.com.mx\/index.php?rest_route=\/wp\/v2\/types\/post"}],"author":[{"embeddable":true,"href":"https:\/\/labestiapolitica.com.mx\/index.php?rest_route=\/wp\/v2\/users\/3"}],"replies":[{"embeddable":true,"href":"https:\/\/labestiapolitica.com.mx\/index.php?rest_route=%2Fwp%2Fv2%2Fcomments&post=42268"}],"version-history":[{"count":1,"href":"https:\/\/labestiapolitica.com.mx\/index.php?rest_route=\/wp\/v2\/posts\/42268\/revisions"}],"predecessor-version":[{"id":42273,"href":"https:\/\/labestiapolitica.com.mx\/index.php?rest_route=\/wp\/v2\/posts\/42268\/revisions\/42273"}],"wp:featuredmedia":[{"embeddable":true,"href":"https:\/\/labestiapolitica.com.mx\/index.php?rest_route=\/wp\/v2\/media\/42269"}],"wp:attachment":[{"href":"https:\/\/labestiapolitica.com.mx\/index.php?rest_route=%2Fwp%2Fv2%2Fmedia&parent=42268"}],"wp:term":[{"taxonomy":"category","embeddable":true,"href":"https:\/\/labestiapolitica.com.mx\/index.php?rest_route=%2Fwp%2Fv2%2Fcategories&post=42268"},{"taxonomy":"post_tag","embeddable":true,"href":"https:\/\/labestiapolitica.com.mx\/index.php?rest_route=%2Fwp%2Fv2%2Ftags&post=42268"}],"curies":[{"name":"wp","href":"https:\/\/api.w.org\/{rel}","templated":true}]}}