{"id":42274,"date":"2025-05-22T18:24:40","date_gmt":"2025-05-23T00:24:40","guid":{"rendered":"https:\/\/labestiapolitica.com.mx\/?p=42274"},"modified":"2025-05-26T12:22:26","modified_gmt":"2025-05-26T18:22:26","slug":"42274","status":"publish","type":"post","link":"https:\/\/labestiapolitica.com.mx\/?p=42274","title":{"rendered":"\ud83d\udfe2 Impulsa Sandy Aguilar una Ley pionera en Adaptaci\u00f3n Clim\u00e1tica basada en Ecosistemas"},"content":{"rendered":"<p style=\"text-align: justify;\" data-start=\"92\" data-end=\"502\">Con visi\u00f3n ambientalista y perspectiva de futuro, la diputada local del PRI, <strong data-start=\"212\" data-end=\"235\">Sandra Aguilar Vega<\/strong>, present\u00f3 una iniciativa de ley que podr\u00eda convertir a Tlaxcala en un referente nacional: se trata de la <strong data-start=\"341\" data-end=\"390\">Ley de Adaptaci\u00f3n basada en Ecosistemas (AbE)<\/strong>, una propuesta integral para enfrentar el cambio clim\u00e1tico aprovechando los servicios que brinda la naturaleza.<\/p>\n<p style=\"text-align: justify;\" data-start=\"504\" data-end=\"804\">La iniciativa surge del compromiso con la biodiversidad tlaxcalteca, que \u2014a pesar de encontrarse en un territorio reducido\u2014 alberga una gran riqueza de ecosistemas como los bosques de La Malinche, humedales como la laguna de Acuitlapilco, zonas semi\u00e1ridas, pastizales y \u00e1reas agr\u00edcolas tradicionales.<\/p>\n<blockquote data-start=\"806\" data-end=\"992\">\n<p data-start=\"808\" data-end=\"992\">\u201cEstos ecosistemas est\u00e1n bajo amenaza constante por el cambio clim\u00e1tico, la urbanizaci\u00f3n, la deforestaci\u00f3n y pr\u00e1cticas agr\u00edcolas poco sostenibles\u201d, advirti\u00f3 Aguilar Vega desde tribuna.<\/p>\n<\/blockquote>\n<p style=\"text-align: justify;\" data-start=\"994\" data-end=\"1375\">La <strong data-start=\"997\" data-end=\"1039\">Adaptaci\u00f3n basada en Ecosistemas (AbE)<\/strong> es un enfoque que utiliza la biodiversidad y los servicios ecosist\u00e9micos para fortalecer la resiliencia de las comunidades frente a los efectos del calentamiento global. Su implementaci\u00f3n permitir\u00eda a Tlaxcala alinearse con compromisos internacionales y convertirse en un modelo de pol\u00edticas p\u00fablicas clim\u00e1ticas innovadoras en el pa\u00eds.<\/p>\n<p style=\"text-align: justify;\" data-start=\"1377\" data-end=\"1703\">La propuesta legislativa contempla <strong data-start=\"1412\" data-end=\"1430\">ocho cap\u00edtulos<\/strong> que incluyen la creaci\u00f3n del <strong data-start=\"1460\" data-end=\"1537\">Programa Estatal de Adaptaci\u00f3n basada en Ecosistemas de Tlaxcala (PEABET)<\/strong>, la delimitaci\u00f3n de \u00e1reas prioritarias, mecanismos de financiamiento, gobernanza con participaci\u00f3n social, as\u00ed como monitoreo, innovaci\u00f3n e investigaci\u00f3n cient\u00edfica.<\/p>\n<p style=\"text-align: justify;\" data-start=\"1705\" data-end=\"1903\">La diputada priista subray\u00f3 que esta nueva Ley <strong data-start=\"1752\" data-end=\"1796\">no pretende sustituir la Ley de Ecolog\u00eda<\/strong>, sino complementarla con herramientas modernas y necesarias para enfrentar los retos ambientales actuales.<\/p>\n<blockquote data-start=\"1905\" data-end=\"2070\">\n<p data-start=\"1907\" data-end=\"2070\">\u201cTlaxcala puede y debe ser pionera en pol\u00edticas de adaptaci\u00f3n clim\u00e1tica con base en la naturaleza. Es el momento de actuar con responsabilidad y visi\u00f3n\u201d, concluy\u00f3.<\/p>\n<\/blockquote>\n<h3 style=\"text-align: justify;\" data-start=\"2072\" data-end=\"2103\">\ud83d\udccc Claves de la iniciativa:<\/h3>\n<ul style=\"text-align: justify;\" data-start=\"2104\" data-end=\"2333\">\n<li data-start=\"2104\" data-end=\"2163\">\n<p data-start=\"2106\" data-end=\"2163\">Enfoque preventivo e integral frente al cambio clim\u00e1tico.<\/p>\n<\/li>\n<li data-start=\"2164\" data-end=\"2215\">\n<p data-start=\"2166\" data-end=\"2215\">Participaci\u00f3n comunitaria y gobernanza ambiental.<\/p>\n<\/li>\n<li data-start=\"2216\" data-end=\"2272\">\n<p data-start=\"2218\" data-end=\"2272\">Innovaci\u00f3n cient\u00edfica y transferencia de conocimiento.<\/p>\n<\/li>\n<li data-start=\"2273\" data-end=\"2333\">\n<p data-start=\"2275\" data-end=\"2333\">Primer marco jur\u00eddico estatal espec\u00edfico en AbE en M\u00e9xico.<\/p>\n<\/li>\n<\/ul>\n<p style=\"text-align: justify;\" data-start=\"2335\" data-end=\"2528\" data-is-last-node=\"\" data-is-only-node=\"\">Con esta iniciativa, <strong data-start=\"2356\" data-end=\"2441\">Sandra Aguilar Vega marca un precedente en la agenda ambiental del Congreso local<\/strong>, abriendo camino a una Tlaxcala m\u00e1s resiliente, sustentable y conectada con el futuro.<\/p>\n","protected":false},"excerpt":{"rendered":"<p>Con visi\u00f3n ambientalista y perspectiva de futuro, la diputada local del PRI, Sandra Aguilar Vega, present\u00f3 una iniciativa de ley que podr\u00eda convertir a Tlaxcala en un referente nacional: se trata de la Ley de Adaptaci\u00f3n basada en Ecosistemas (AbE), una propuesta integral para enfrentar el cambio clim\u00e1tico aprovechando los servicios que brinda la naturaleza. [&hellip;]<\/p>\n","protected":false},"author":3,"featured_media":42278,"comment_status":"open","ping_status":"open","sticky":false,"template":"","format":"standard","meta":{"footnotes":""},"categories":[12,224],"tags":[],"class_list":["post-42274","post","type-post","status-publish","format-standard","has-post-thumbnail","hentry","category-brujula-2026","category-congreso-del-estado-de-tlaxcala"],"amp_enabled":true,"_links":{"self":[{"href":"https:\/\/labestiapolitica.com.mx\/index.php?rest_route=\/wp\/v2\/posts\/42274","targetHints":{"allow":["GET"]}}],"collection":[{"href":"https:\/\/labestiapolitica.com.mx\/index.php?rest_route=\/wp\/v2\/posts"}],"about":[{"href":"https:\/\/labestiapolitica.com.mx\/index.php?rest_route=\/wp\/v2\/types\/post"}],"author":[{"embeddable":true,"href":"https:\/\/labestiapolitica.com.mx\/index.php?rest_route=\/wp\/v2\/users\/3"}],"replies":[{"embeddable":true,"href":"https:\/\/labestiapolitica.com.mx\/index.php?rest_route=%2Fwp%2Fv2%2Fcomments&post=42274"}],"version-history":[{"count":2,"href":"https:\/\/labestiapolitica.com.mx\/index.php?rest_route=\/wp\/v2\/posts\/42274\/revisions"}],"predecessor-version":[{"id":42280,"href":"https:\/\/labestiapolitica.com.mx\/index.php?rest_route=\/wp\/v2\/posts\/42274\/revisions\/42280"}],"wp:featuredmedia":[{"embeddable":true,"href":"https:\/\/labestiapolitica.com.mx\/index.php?rest_route=\/wp\/v2\/media\/42278"}],"wp:attachment":[{"href":"https:\/\/labestiapolitica.com.mx\/index.php?rest_route=%2Fwp%2Fv2%2Fmedia&parent=42274"}],"wp:term":[{"taxonomy":"category","embeddable":true,"href":"https:\/\/labestiapolitica.com.mx\/index.php?rest_route=%2Fwp%2Fv2%2Fcategories&post=42274"},{"taxonomy":"post_tag","embeddable":true,"href":"https:\/\/labestiapolitica.com.mx\/index.php?rest_route=%2Fwp%2Fv2%2Ftags&post=42274"}],"curies":[{"name":"wp","href":"https:\/\/api.w.org\/{rel}","templated":true}]}}