{"id":42275,"date":"2025-05-22T18:22:52","date_gmt":"2025-05-23T00:22:52","guid":{"rendered":"https:\/\/labestiapolitica.com.mx\/?p=42275"},"modified":"2025-05-22T18:22:52","modified_gmt":"2025-05-23T00:22:52","slug":"%f0%9f%8e%ad%e2%9c%a8-el-arte-que-une-nuestras-raices-en-zacatelco-%f0%9f%8c%bd%f0%9f%92%83","status":"publish","type":"post","link":"https:\/\/labestiapolitica.com.mx\/?p=42275","title":{"rendered":"\ud83c\udfad\u2728 El arte que une nuestras ra\u00edces en Zacatelco \ud83c\udf3d\ud83d\udc83"},"content":{"rendered":"<p style=\"text-align: justify;\" data-start=\"0\" data-end=\"238\">El Gobierno Municipal, a trav\u00e9s de la Coordinaci\u00f3n de Cultura, present\u00f3 con gran \u00e9xito la obra \u00abMestizaje\u00bb del Ballet Folkl\u00f3rico Cacaxtla A.C. en la Secundaria General Zacatelco.<\/p>\n<p style=\"text-align: justify;\" data-start=\"240\" data-end=\"424\">Esta puesta en escena combin\u00f3 danza, m\u00fasica e historia para contar los or\u00edgenes y la fundaci\u00f3n de Tlaxcala en m\u00e1s de 10 actos, conectando a las juventudes con su identidad y tradici\u00f3n.<\/p>\n<p style=\"text-align: justify;\" data-start=\"426\" data-end=\"572\">Con eventos como este, se fortalece el orgullo cultural y se reafirma el compromiso por una comunidad m\u00e1s consciente y unida desde sus ra\u00edces. \ud83c\udfb6\u2728<\/p>\n<p style=\"text-align: justify;\" data-start=\"574\" data-end=\"682\" data-is-last-node=\"\" data-is-only-node=\"\">#ZacatelcoFuerteySeguro<br data-start=\"597\" data-end=\"600\" \/>#LaBestiaPoliticaZacatelco<br data-start=\"626\" data-end=\"629\" \/>@Zacatelco Fuerte y Seguro<br data-start=\"655\" data-end=\"658\" \/>@Jos\u00e9 Miguel Acatzi Luna<\/p>\n","protected":false},"excerpt":{"rendered":"<p>El Gobierno Municipal, a trav\u00e9s de la Coordinaci\u00f3n de Cultura, present\u00f3 con gran \u00e9xito la obra \u00abMestizaje\u00bb del Ballet Folkl\u00f3rico Cacaxtla A.C. en la Secundaria General Zacatelco. Esta puesta en escena combin\u00f3 danza, m\u00fasica e historia para contar los or\u00edgenes y la fundaci\u00f3n de Tlaxcala en m\u00e1s de 10 actos, conectando a las juventudes con [&hellip;]<\/p>\n","protected":false},"author":3,"featured_media":42276,"comment_status":"open","ping_status":"open","sticky":false,"template":"","format":"standard","meta":{"footnotes":""},"categories":[216,217],"tags":[],"class_list":["post-42275","post","type-post","status-publish","format-standard","has-post-thumbnail","hentry","category-municipios","category-zacatelco"],"amp_enabled":true,"_links":{"self":[{"href":"https:\/\/labestiapolitica.com.mx\/index.php?rest_route=\/wp\/v2\/posts\/42275","targetHints":{"allow":["GET"]}}],"collection":[{"href":"https:\/\/labestiapolitica.com.mx\/index.php?rest_route=\/wp\/v2\/posts"}],"about":[{"href":"https:\/\/labestiapolitica.com.mx\/index.php?rest_route=\/wp\/v2\/types\/post"}],"author":[{"embeddable":true,"href":"https:\/\/labestiapolitica.com.mx\/index.php?rest_route=\/wp\/v2\/users\/3"}],"replies":[{"embeddable":true,"href":"https:\/\/labestiapolitica.com.mx\/index.php?rest_route=%2Fwp%2Fv2%2Fcomments&post=42275"}],"version-history":[{"count":1,"href":"https:\/\/labestiapolitica.com.mx\/index.php?rest_route=\/wp\/v2\/posts\/42275\/revisions"}],"predecessor-version":[{"id":42277,"href":"https:\/\/labestiapolitica.com.mx\/index.php?rest_route=\/wp\/v2\/posts\/42275\/revisions\/42277"}],"wp:featuredmedia":[{"embeddable":true,"href":"https:\/\/labestiapolitica.com.mx\/index.php?rest_route=\/wp\/v2\/media\/42276"}],"wp:attachment":[{"href":"https:\/\/labestiapolitica.com.mx\/index.php?rest_route=%2Fwp%2Fv2%2Fmedia&parent=42275"}],"wp:term":[{"taxonomy":"category","embeddable":true,"href":"https:\/\/labestiapolitica.com.mx\/index.php?rest_route=%2Fwp%2Fv2%2Fcategories&post=42275"},{"taxonomy":"post_tag","embeddable":true,"href":"https:\/\/labestiapolitica.com.mx\/index.php?rest_route=%2Fwp%2Fv2%2Ftags&post=42275"}],"curies":[{"name":"wp","href":"https:\/\/api.w.org\/{rel}","templated":true}]}}