{"id":42288,"date":"2025-05-23T09:05:59","date_gmt":"2025-05-23T15:05:59","guid":{"rendered":"https:\/\/labestiapolitica.com.mx\/?p=42288"},"modified":"2025-05-26T12:22:17","modified_gmt":"2025-05-26T18:22:17","slug":"elbestiario-tlaxcala-gobernadora-dejara-gobernador-o-gobernadora","status":"publish","type":"post","link":"https:\/\/labestiapolitica.com.mx\/?p=42288","title":{"rendered":"#ElBestiario\/ Tlaxcala: \u00bfGobernadora dejar\u00e1 gobernador o gobernadora?"},"content":{"rendered":"<p style=\"text-align: justify;\" data-start=\"258\" data-end=\"561\">En Tlaxcala, existe una m\u00e1xima tan conocida como negada: <strong data-start=\"315\" data-end=\"350\">\u201cgobernador no deja gobernador\u201d<\/strong>. Y es que hist\u00f3ricamente, ning\u00fan mandatario ha logrado heredar el poder sin consecuencias o rupturas\u2026 hasta que lleg\u00f3 <strong data-start=\"469\" data-end=\"495\">Mariano Gonz\u00e1lez Zarur<\/strong>, quien rompi\u00f3 el mito al imponer a <strong data-start=\"531\" data-end=\"545\">Marco Mena<\/strong> como sucesor.<\/p>\n<p style=\"text-align: justify;\" data-start=\"563\" data-end=\"895\">Pero lo que parec\u00eda una jugada maestra, termin\u00f3 siendo una traici\u00f3n anticipada. Mena no solo se distanci\u00f3 de su mentor, <strong data-start=\"683\" data-end=\"778\">sino que fue incapaz de consolidar su administraci\u00f3n y termin\u00f3 entregando el poder a Morena<\/strong>, el partido que ahora lo tiene en la n\u00f3mina como director de la Loter\u00eda Nacional. Mariano lo reconoci\u00f3 sin rodeos:<\/p>\n<p style=\"text-align: justify;\" data-start=\"563\" data-end=\"895\"><em data-start=\"898\" data-end=\"997\">\u201cMe equivoqu\u00e9 con Marco Mena. Lo invent\u00e9 en cinco a\u00f1os, y no ten\u00eda capacidad para ser gobernador\u201d<\/em>.<\/p>\n<p style=\"text-align: justify;\" data-start=\"1000\" data-end=\"1065\">Fue el delf\u00edn que naufrag\u00f3 en el oc\u00e9ano de su propia mediocridad.<\/p>\n<p style=\"text-align: justify;\" data-start=\"1000\" data-end=\"1065\">La historia se repite\u2026 pero ahora con falda guinda.<\/p>\n<p style=\"text-align: justify;\" data-start=\"1117\" data-end=\"1360\">Hoy, la gobernadora <strong data-start=\"1137\" data-end=\"1164\">Lorena Cu\u00e9llar Cisneros<\/strong> busca repetir la f\u00f3rmula de su ex mentor. Quiere dejar sucesor. M\u00e1s a\u00fan: <strong data-start=\"1238\" data-end=\"1265\">quiere dejar gobernador<\/strong>, a pesar de que la historia, los n\u00fameros y la narrativa indican que eso rara vez termina bien.<\/p>\n<p style=\"text-align: justify;\" data-start=\"1362\" data-end=\"1682\">Antes que ella, <strong data-start=\"1378\" data-end=\"1404\">Beatriz Paredes Rangel<\/strong> intent\u00f3 dejar a \u00c1lvaro Salazar Lozano, pero fue enviada a una embajada y le dieron el paso a Jos\u00e9 Antonio \u00c1lvarez Lima. <strong data-start=\"1525\" data-end=\"1541\">H\u00e9ctor Ortiz<\/strong> impuls\u00f3 a Juli\u00e1n Vel\u00e1zquez Lorente, pero la bendici\u00f3n presidencial fue para <strong data-start=\"1618\" data-end=\"1636\">Adriana D\u00e1vila<\/strong>, quien al final tampoco logr\u00f3 la continuidad. El ejemplo m\u00e1s claro fue el perredista Alfonso S\u00e1nchez Anaya con su esposa Mar\u00eda del Carmen Ram\u00edrez Garc\u00eda, pues el intento de heredarle el poder fracas\u00f3 y la c\u00f3nyuge se fue hasta un tercer lugar.<\/p>\n<p style=\"text-align: justify;\" data-start=\"1838\" data-end=\"2120\">El delf\u00edn de Lorena se llama <strong data-start=\"1867\" data-end=\"1893\">Alfonso S\u00e1nchez Garc\u00eda<\/strong>, alcalde de la capital e hijo del exgobernador del mismo nombre. A su alrededor se ha levantado una estructura poderosa: controla el Congreso, buena parte de los ayuntamientos y hasta tiene coqueteos con partidos de oposici\u00f3n.<\/p>\n<p style=\"text-align: justify;\" data-start=\"2347\" data-end=\"2455\">Y aunque el oficialismo lo impulse, <strong data-start=\"2383\" data-end=\"2454\">el pueblo no vota por el apellido, vota por resultados\u2026 o por rabia<\/strong>.<\/p>\n<p style=\"text-align: justify;\" data-start=\"2495\" data-end=\"2540\">A la sombra hay otras figuras que le quieren quitar ese privilegio al delf\u00edn del lorenismo.<\/p>\n<p data-start=\"2544\" data-end=\"2652\"><strong data-start=\"2544\" data-end=\"2573\">Josefina Rodr\u00edguez Zamora<\/strong>, secretaria de Turismo federal, con respaldo directo del c\u00edrculo presidencial y hombres poderosos de negocios.<\/p>\n<p data-start=\"2655\" data-end=\"2852\"><strong data-start=\"2655\" data-end=\"2672\">Oscar Jim\u00e9nez<\/strong>, secretario de Finanzas del Estado de M\u00e9xico, respaldado por el lopezobradorismo duro \u2014AMLO y sus hijos incluidos\u2014.<\/p>\n<p data-start=\"2655\" data-end=\"2852\">Luis Vargas Gonz\u00e1lez, senador suplente, quien se mueve en la \u00f3rbita nacional.<\/p>\n<p data-start=\"2855\" data-end=\"3044\">Y claro, <strong data-start=\"2864\" data-end=\"2884\">Ana Lilia Rivera<\/strong>, senadora con ventaja en las preferencias,\u00a0 pero al parecer disminuida en las \u00faltimas semanas.<\/p>\n<p data-start=\"2855\" data-end=\"3044\"><strong data-start=\"3080\" data-end=\"3159\">\u00bfLorena dejar\u00e1 gobernador? Dif\u00edcil. \u00bfImpondr\u00e1 a su delf\u00edn? M\u00e1s dif\u00edcil a\u00fan.<\/strong><\/p>\n<p style=\"text-align: justify;\" data-start=\"3161\" data-end=\"3301\">Porque el poder no se transfiere con voluntad ni con boletines de prensa. El poder se gana, se pelea, se defiende\u2026 y muchas veces se pierde.<\/p>\n<p style=\"text-align: justify;\" data-start=\"3303\" data-end=\"3397\">Hoy, m\u00e1s que nunca, se pone a prueba ese adagio que tanto molesta en los pasillos del poder: <strong data-start=\"3400\" data-end=\"3460\">Gobernador no deja gobernador. Gobernadora, mucho menos.<\/strong><\/p>\n<p style=\"text-align: justify;\" data-start=\"3462\" data-end=\"3571\">Y si la historia sirve de algo, es para recordarnos que en Tlaxcala, el trono <strong data-start=\"3540\" data-end=\"3571\">no se hereda. Se conquista.<\/strong><\/p>\n<p data-start=\"3462\" data-end=\"3571\"><img loading=\"lazy\" decoding=\"async\" class=\"alignnone size-full wp-image-30807\" src=\"https:\/\/labestiapolitica.com.mx\/wp-content\/uploads\/2024\/09\/lorena-1-1.jpg\" alt=\"\" width=\"1000\" height=\"600\" srcset=\"https:\/\/labestiapolitica.com.mx\/wp-content\/uploads\/2024\/09\/lorena-1-1.jpg 1000w, https:\/\/labestiapolitica.com.mx\/wp-content\/uploads\/2024\/09\/lorena-1-1-300x180.jpg 300w, https:\/\/labestiapolitica.com.mx\/wp-content\/uploads\/2024\/09\/lorena-1-1-768x461.jpg 768w\" sizes=\"auto, (max-width: 1000px) 100vw, 1000px\" \/><\/p>\n<p data-start=\"3462\" data-end=\"3571\">******<\/p>\n<p style=\"text-align: justify;\" data-start=\"2774\" data-end=\"2931\"><strong data-start=\"2774\" data-end=\"2794\">LA CAMINERA&#8230;<\/strong><strong data-start=\"112\" data-end=\"197\">El plan \u00abB\u00bb del Lorenismo: Marcela Gonz\u00e1lez, el poder tras el poder&#8230;<\/strong>Marcela Gonz\u00e1lez es el rostro oculto del lorenismo. Mueve hilos, dicta l\u00ednea, opera con precisi\u00f3n quir\u00fargica. Su cercan\u00eda con la presidenta se remonta a los tiempos en que Claudia Sheinbaum era Jefa de Gobierno, y esa amistad se ha reflejado en las visitas presidenciales a Tlaxcala. Sin embargo, tendr\u00e1 que trabajar m\u00e1s en la percepci\u00f3n ante la ciudadan\u00eda. El plan \u00abB\u00bb se puede convertir en plan \u00abA\u00bb. Al tiempo.<\/p>\n<p data-start=\"2774\" data-end=\"2931\"><img loading=\"lazy\" decoding=\"async\" class=\"alignnone size-full wp-image-20294\" src=\"https:\/\/labestiapolitica.com.mx\/wp-content\/uploads\/2023\/08\/marcela.jpg\" alt=\"\" width=\"1000\" height=\"600\" srcset=\"https:\/\/labestiapolitica.com.mx\/wp-content\/uploads\/2023\/08\/marcela.jpg 1000w, https:\/\/labestiapolitica.com.mx\/wp-content\/uploads\/2023\/08\/marcela-300x180.jpg 300w, https:\/\/labestiapolitica.com.mx\/wp-content\/uploads\/2023\/08\/marcela-768x461.jpg 768w\" sizes=\"auto, (max-width: 1000px) 100vw, 1000px\" \/><\/p>\n<p data-start=\"2774\" data-end=\"2931\">******<\/p>\n<p style=\"text-align: justify;\" data-start=\"2774\" data-end=\"2931\"><strong>AHORA S\u00cd, LA \u00daLTIMA Y NOS VAMOS<\/strong>&#8230;<em data-start=\"3\" data-end=\"87\">Operativo en Apetatitl\u00e1n: \u00bfseguridad eficaz o justicia en penumbra? <\/em>Primero se habl\u00f3 de secuestradores. Luego la informaci\u00f3n oficial que eran extorsionadores. La Fiscal\u00eda General de Justicia del Estado lleva m\u00e1s de 15 horas sin aclarar del todo qu\u00e9 ocurri\u00f3 en San Mat\u00edas Tepetomatitl\u00e1n, Apetatitl\u00e1n, donde un operativo conjunto con la SEDENA y la Guardia Nacional dej\u00f3 cinco detenidos, dos inmuebles asegurados y una zona completamente resguardada.<\/p>\n<article class=\"text-token-text-primary w-full\" dir=\"auto\" data-testid=\"conversation-turn-6\" data-scroll-anchor=\"true\">\n<div class=\"text-base my-auto mx-auto py-5 [--thread-content-margin:--spacing(4)] @[37rem]:[--thread-content-margin:--spacing(6)] @[72rem]:[--thread-content-margin:--spacing(16)] px-(--thread-content-margin)\">\n<div class=\"[--thread-content-max-width:32rem] @[34rem]:[--thread-content-max-width:40rem] @[64rem]:[--thread-content-max-width:48rem] mx-auto flex max-w-(--thread-content-max-width) flex-1 text-base gap-4 md:gap-5 lg:gap-6 group\/turn-messages focus-visible:outline-hidden\" tabindex=\"-1\">\n<div class=\"group\/conversation-turn relative flex w-full min-w-0 flex-col agent-turn\">\n<div class=\"relative flex-col gap-1 md:gap-3\">\n<div class=\"flex max-w-full flex-col grow\">\n<div class=\"min-h-8 text-message relative flex w-full flex-col items-end gap-2 text-start break-words whitespace-normal [.text-message+&amp;]:mt-5\" dir=\"auto\" data-message-author-role=\"assistant\" data-message-id=\"d50b0a8d-d119-4423-b3f3-0b55c8281725\" data-message-model-slug=\"gpt-4o\">\n<div class=\"flex w-full flex-col gap-1 empty:hidden first:pt-[3px]\">\n<div class=\"markdown prose dark:prose-invert w-full break-words dark\">\n<p style=\"text-align: justify;\" data-start=\"443\" data-end=\"685\">Peritos del INCIFO y Polic\u00eda de Investigaci\u00f3n hicieron su trabajo. Pero hasta ahora, el silencio pesa m\u00e1s que los resultados: No hay contexto, no hay claridad. Solo la ya conocida frase institucional: \u201cinformaci\u00f3n en proceso\u201d.<\/p>\n<p style=\"text-align: justify;\" data-start=\"687\" data-end=\"913\">Parad\u00f3jicamente, cuando se logra un golpe contra la delincuencia, lo que reina no es la transparencia, sino el hermetismo. \u00bfPor qu\u00e9? M\u00e1s a\u00fan cuando la percepci\u00f3n de inseguridad se desborda y la confianza ciudadana se tambalea.<\/p>\n<p data-start=\"915\" data-end=\"1172\" data-is-last-node=\"\" data-is-only-node=\"\">\u00bfY las autoridades municipales? En Apetatitl\u00e1n, todo indica que ni vieron ni oyeron nada. La coordinaci\u00f3n federal y estatal act\u00faa\u2026 mientras el gobierno local permanece al margen, como simple espectador. \u00bfDe verdad es esa la ruta para recuperar la seguridad?<\/p>\n<p data-start=\"915\" data-end=\"1172\" data-is-last-node=\"\" data-is-only-node=\"\">\n<\/div>\n<\/div>\n<\/div>\n<\/div>\n<\/div>\n<\/div>\n<\/div>\n<\/div>\n<\/article>\n<p style=\"text-align: justify;\" data-start=\"3057\" data-end=\"3282\">\n","protected":false},"excerpt":{"rendered":"<p>En Tlaxcala, existe una m\u00e1xima tan conocida como negada: \u201cgobernador no deja gobernador\u201d. Y es que hist\u00f3ricamente, ning\u00fan mandatario ha logrado heredar el poder sin consecuencias o rupturas\u2026 hasta que lleg\u00f3 Mariano Gonz\u00e1lez Zarur, quien rompi\u00f3 el mito al imponer a Marco Mena como sucesor. Pero lo que parec\u00eda una jugada maestra, termin\u00f3 siendo una [&hellip;]<\/p>\n","protected":false},"author":3,"featured_media":40397,"comment_status":"open","ping_status":"open","sticky":false,"template":"","format":"standard","meta":{"footnotes":""},"categories":[2],"tags":[],"class_list":["post-42288","post","type-post","status-publish","format-standard","has-post-thumbnail","hentry","category-el-bestiario"],"amp_enabled":true,"_links":{"self":[{"href":"https:\/\/labestiapolitica.com.mx\/index.php?rest_route=\/wp\/v2\/posts\/42288","targetHints":{"allow":["GET"]}}],"collection":[{"href":"https:\/\/labestiapolitica.com.mx\/index.php?rest_route=\/wp\/v2\/posts"}],"about":[{"href":"https:\/\/labestiapolitica.com.mx\/index.php?rest_route=\/wp\/v2\/types\/post"}],"author":[{"embeddable":true,"href":"https:\/\/labestiapolitica.com.mx\/index.php?rest_route=\/wp\/v2\/users\/3"}],"replies":[{"embeddable":true,"href":"https:\/\/labestiapolitica.com.mx\/index.php?rest_route=%2Fwp%2Fv2%2Fcomments&post=42288"}],"version-history":[{"count":4,"href":"https:\/\/labestiapolitica.com.mx\/index.php?rest_route=\/wp\/v2\/posts\/42288\/revisions"}],"predecessor-version":[{"id":42297,"href":"https:\/\/labestiapolitica.com.mx\/index.php?rest_route=\/wp\/v2\/posts\/42288\/revisions\/42297"}],"wp:featuredmedia":[{"embeddable":true,"href":"https:\/\/labestiapolitica.com.mx\/index.php?rest_route=\/wp\/v2\/media\/40397"}],"wp:attachment":[{"href":"https:\/\/labestiapolitica.com.mx\/index.php?rest_route=%2Fwp%2Fv2%2Fmedia&parent=42288"}],"wp:term":[{"taxonomy":"category","embeddable":true,"href":"https:\/\/labestiapolitica.com.mx\/index.php?rest_route=%2Fwp%2Fv2%2Fcategories&post=42288"},{"taxonomy":"post_tag","embeddable":true,"href":"https:\/\/labestiapolitica.com.mx\/index.php?rest_route=%2Fwp%2Fv2%2Ftags&post=42288"}],"curies":[{"name":"wp","href":"https:\/\/api.w.org\/{rel}","templated":true}]}}