{"id":42294,"date":"2025-05-23T10:18:46","date_gmt":"2025-05-23T16:18:46","guid":{"rendered":"https:\/\/labestiapolitica.com.mx\/?p=42294"},"modified":"2025-05-29T13:53:10","modified_gmt":"2025-05-29T19:53:10","slug":"emanuel-montiel-flores-confia-en-que-el-1-de-junio-contara-con-la-confianza-y-el-voto-de-las-y-los-tlaxcaltecas","status":"publish","type":"post","link":"https:\/\/labestiapolitica.com.mx\/?p=42294","title":{"rendered":"\u00a0Emanuel Montiel Flores conf\u00eda en que el 1 de junio contar\u00e1 con la confianza y el voto de las y los tlaxcaltecas"},"content":{"rendered":"<p style=\"text-align: justify;\">Fabiola M\u00c1RQUEZ\/ En declaraciones recientes, el candidato a magistrado del nuevo Tribunal de Disciplina Judicial, Emanuel Montiel Flores, asegur\u00f3 que conf\u00eda en que contar\u00e1 con el voto de sus paisanas y paisanos en la pr\u00f3xima elecci\u00f3n del 1 de junio donde se renovar\u00e1 el Poder Judicial.<\/p>\n<p style=\"text-align: justify;\">Lo anterior ya que como \u00fanico participante tlaxcalteca a nivel nacional para este Tribunal, se encuentra sabedor de que su trayectoria e integridad, lo posicionan de manera positiva entre las y los ciudadanos.<\/p>\n<p style=\"text-align: justify;\">\u201cConf\u00edo en que este 1 de junio pongamos en marcha el poder judicial con el respaldo de mis paisanas y paisanos tlaxcaltecas, siempre he estado orgulloso de la tierra de donde vengo y s\u00e9 que como yo, hay muchas mujeres y hombres de gran val\u00eda para el pa\u00eds y es justo lo que quiero demostrar, que los tlaxcaltecas tenemos mucho que aportarle a la justicia en M\u00e9xico\u201d, afirm\u00f3.<\/p>\n<p style=\"text-align: justify;\">Por lo anterior, Emanuel Montiel ha afirmado que su campa\u00f1a en Tlaxcala es de hechos y de gente que lo conoce desde siempre, pues en el estado todo mundo se conoce y lo ha visto conformar una trayectoria de resultados con base en el trabajo.<\/p>\n<p style=\"text-align: justify;\">Cabe se\u00f1alar que el nuevo Tribunal de Disciplina Judicial ser\u00e1 el encargado de vigilar el actuar de las personas juzgadoras en todo el pa\u00eds, por lo que es trascendental que los mejores perfiles sean elegidos para este importante puesto.<\/p>\n","protected":false},"excerpt":{"rendered":"<p>Fabiola M\u00c1RQUEZ\/ En declaraciones recientes, el candidato a magistrado del nuevo Tribunal de Disciplina Judicial, Emanuel Montiel Flores, asegur\u00f3 que conf\u00eda en que contar\u00e1 con el voto de sus paisanas y paisanos en la pr\u00f3xima elecci\u00f3n del 1 de junio donde se renovar\u00e1 el Poder Judicial. Lo anterior ya que como \u00fanico participante tlaxcalteca a [&hellip;]<\/p>\n","protected":false},"author":3,"featured_media":42295,"comment_status":"open","ping_status":"open","sticky":false,"template":"","format":"standard","meta":{"footnotes":""},"categories":[12],"tags":[],"class_list":["post-42294","post","type-post","status-publish","format-standard","has-post-thumbnail","hentry","category-brujula-2026"],"amp_enabled":true,"_links":{"self":[{"href":"https:\/\/labestiapolitica.com.mx\/index.php?rest_route=\/wp\/v2\/posts\/42294","targetHints":{"allow":["GET"]}}],"collection":[{"href":"https:\/\/labestiapolitica.com.mx\/index.php?rest_route=\/wp\/v2\/posts"}],"about":[{"href":"https:\/\/labestiapolitica.com.mx\/index.php?rest_route=\/wp\/v2\/types\/post"}],"author":[{"embeddable":true,"href":"https:\/\/labestiapolitica.com.mx\/index.php?rest_route=\/wp\/v2\/users\/3"}],"replies":[{"embeddable":true,"href":"https:\/\/labestiapolitica.com.mx\/index.php?rest_route=%2Fwp%2Fv2%2Fcomments&post=42294"}],"version-history":[{"count":2,"href":"https:\/\/labestiapolitica.com.mx\/index.php?rest_route=\/wp\/v2\/posts\/42294\/revisions"}],"predecessor-version":[{"id":42599,"href":"https:\/\/labestiapolitica.com.mx\/index.php?rest_route=\/wp\/v2\/posts\/42294\/revisions\/42599"}],"wp:featuredmedia":[{"embeddable":true,"href":"https:\/\/labestiapolitica.com.mx\/index.php?rest_route=\/wp\/v2\/media\/42295"}],"wp:attachment":[{"href":"https:\/\/labestiapolitica.com.mx\/index.php?rest_route=%2Fwp%2Fv2%2Fmedia&parent=42294"}],"wp:term":[{"taxonomy":"category","embeddable":true,"href":"https:\/\/labestiapolitica.com.mx\/index.php?rest_route=%2Fwp%2Fv2%2Fcategories&post=42294"},{"taxonomy":"post_tag","embeddable":true,"href":"https:\/\/labestiapolitica.com.mx\/index.php?rest_route=%2Fwp%2Fv2%2Ftags&post=42294"}],"curies":[{"name":"wp","href":"https:\/\/api.w.org\/{rel}","templated":true}]}}