{"id":42300,"date":"2025-05-23T14:01:21","date_gmt":"2025-05-23T20:01:21","guid":{"rendered":"https:\/\/labestiapolitica.com.mx\/?p=42300"},"modified":"2025-05-26T12:21:55","modified_gmt":"2025-05-26T18:21:55","slug":"%f0%9f%93%b0-jab-por-la-prevencion-entra-al-ring-en-mas-escuelas-formar-campeones-para-una-infancia-con-bienestar","status":"publish","type":"post","link":"https:\/\/labestiapolitica.com.mx\/?p=42300","title":{"rendered":"\ud83d\udcf0 \u201cJAB por la Prevenci\u00f3n\u201d entra al ring en m\u00e1s escuelas: formar campeones para una infancia con bienestar"},"content":{"rendered":"<p data-start=\"112\" data-end=\"462\">Con pu\u00f1os de disciplina y corazones fuertes, el programa <em data-start=\"169\" data-end=\"229\">\u201cJAB por la Prevenci\u00f3n: Formar Campeones Genera BIENESTAR\u201d<\/em> sigue expandi\u00e9ndose en Tlaxcala. Esta vez, el Departamento de Prevenci\u00f3n del Delito y Proximidad Social llev\u00f3 su Taller de Box y Defensa Personal a la Escuela Primaria <strong data-start=\"398\" data-end=\"426\">Gregorio Torres Quintero<\/strong>, en la Tercera Secci\u00f3n de Ocotitla.<\/p>\n<p data-start=\"464\" data-end=\"857\">Con esta nueva incorporaci\u00f3n, ya suman <strong data-start=\"503\" data-end=\"534\">11 instituciones educativas<\/strong> que se integran a esta estrategia de prevenci\u00f3n que combina el deporte con valores fundamentales como el <strong data-start=\"640\" data-end=\"682\">respeto, la confianza y la resiliencia<\/strong>. La respuesta de la comunidad educativa ha sido contundente: ni\u00f1as y ni\u00f1os participan con entusiasmo, motivados por una propuesta que fortalece tanto el cuerpo como la mente.<\/p>\n<p data-start=\"859\" data-end=\"1158\">M\u00e1s que solo golpes y guantes, este programa se ha consolidado como una herramienta de transformaci\u00f3n social. A trav\u00e9s del box y la defensa personal, se siembran habilidades para la vida en la infancia tlaxcalteca, apostando por una cultura de <strong data-start=\"1103\" data-end=\"1141\">bienestar, convivencia y seguridad<\/strong> desde las aulas.<\/p>\n<p data-start=\"1160\" data-end=\"1380\">Con iniciativas como esta, el Gobierno reafirma su compromiso con el desarrollo integral de las y los m\u00e1s peque\u00f1os, demostrando que la verdadera prevenci\u00f3n tambi\u00e9n se construye <strong data-start=\"1337\" data-end=\"1375\">a trav\u00e9s del deporte y los valores<\/strong>. \ud83e\udd4a\u2728<\/p>\n","protected":false},"excerpt":{"rendered":"<p>Con pu\u00f1os de disciplina y corazones fuertes, el programa \u201cJAB por la Prevenci\u00f3n: Formar Campeones Genera BIENESTAR\u201d sigue expandi\u00e9ndose en Tlaxcala. Esta vez, el Departamento de Prevenci\u00f3n del Delito y Proximidad Social llev\u00f3 su Taller de Box y Defensa Personal a la Escuela Primaria Gregorio Torres Quintero, en la Tercera Secci\u00f3n de Ocotitla. Con esta [&hellip;]<\/p>\n","protected":false},"author":3,"featured_media":42303,"comment_status":"open","ping_status":"open","sticky":false,"template":"","format":"standard","meta":{"footnotes":""},"categories":[12,216,227],"tags":[],"class_list":["post-42300","post","type-post","status-publish","format-standard","has-post-thumbnail","hentry","category-brujula-2026","category-municipios","category-tetla"],"amp_enabled":true,"_links":{"self":[{"href":"https:\/\/labestiapolitica.com.mx\/index.php?rest_route=\/wp\/v2\/posts\/42300","targetHints":{"allow":["GET"]}}],"collection":[{"href":"https:\/\/labestiapolitica.com.mx\/index.php?rest_route=\/wp\/v2\/posts"}],"about":[{"href":"https:\/\/labestiapolitica.com.mx\/index.php?rest_route=\/wp\/v2\/types\/post"}],"author":[{"embeddable":true,"href":"https:\/\/labestiapolitica.com.mx\/index.php?rest_route=\/wp\/v2\/users\/3"}],"replies":[{"embeddable":true,"href":"https:\/\/labestiapolitica.com.mx\/index.php?rest_route=%2Fwp%2Fv2%2Fcomments&post=42300"}],"version-history":[{"count":1,"href":"https:\/\/labestiapolitica.com.mx\/index.php?rest_route=\/wp\/v2\/posts\/42300\/revisions"}],"predecessor-version":[{"id":42304,"href":"https:\/\/labestiapolitica.com.mx\/index.php?rest_route=\/wp\/v2\/posts\/42300\/revisions\/42304"}],"wp:featuredmedia":[{"embeddable":true,"href":"https:\/\/labestiapolitica.com.mx\/index.php?rest_route=\/wp\/v2\/media\/42303"}],"wp:attachment":[{"href":"https:\/\/labestiapolitica.com.mx\/index.php?rest_route=%2Fwp%2Fv2%2Fmedia&parent=42300"}],"wp:term":[{"taxonomy":"category","embeddable":true,"href":"https:\/\/labestiapolitica.com.mx\/index.php?rest_route=%2Fwp%2Fv2%2Fcategories&post=42300"},{"taxonomy":"post_tag","embeddable":true,"href":"https:\/\/labestiapolitica.com.mx\/index.php?rest_route=%2Fwp%2Fv2%2Ftags&post=42300"}],"curies":[{"name":"wp","href":"https:\/\/api.w.org\/{rel}","templated":true}]}}